{"id":138863,"date":"2025-05-30T09:02:09","date_gmt":"2025-05-30T09:02:09","guid":{"rendered":"https:\/\/www.europesays.com\/fr\/138863\/"},"modified":"2025-05-30T09:02:09","modified_gmt":"2025-05-30T09:02:09","slug":"le-peuple-hmong-en-transit-a-lespace-livres","status":"publish","type":"post","link":"https:\/\/www.europesays.com\/fr\/138863\/","title":{"rendered":"le peuple Hmong en transit \u00e0 l\u2019espace livres"},"content":{"rendered":"<p>Jeudi 22\u00a0mai 2025, Brigitte Puthon avait convi\u00e9 Laurent Pipet, d\u2019origine vouilletaise, \u00e0 l\u2019espace livres municipal de Vouill\u00e9, pour qu\u2019il \u00e9voque le sujet de son dernier roman, La guerre du fou. \u00ab\u00a0Ce roman m\u2019avait litt\u00e9ralement bluff\u00e9e, par la qualit\u00e9 de l\u2019\u00e9criture et le destin du peuple Hmong, qui \u00e9merge des aventures de trois personnages principaux\u00a0\u00bb, a-t-elle r\u00e9v\u00e9l\u00e9 au d\u00e9but de la s\u00e9ance pour justifier son choix. Roman d\u2019aventures en effet, mais aussi g\u00e9opolitique, sentimental, et m\u00eame policier, voire documentaire, dont l\u2019intrigue repose sur les ch\u00e2timents subis par la population Hmong, dans les ann\u00e9es 70, qui par milliers a \u00e9t\u00e9 \u00ab\u00a0fracass\u00e9e par les traumatismes d\u2019un conflit colonial\u00a0\u00bb. Une journaliste fran\u00e7aise, correspondante pour l\u2019AFP en Indochine, un ancien chef de guerre, accompagn\u00e9 de son fils, contraints de se d\u00e9raciner de leur terre natale du Laos, pour trouver asile en Guyane, constituent les protagonistes essentiels de la trame de ce roman multicolore.<\/p>\n<p>La source de cette aventure litt\u00e9raire\u00a0? Elle est sans nul doute \u00ab\u00a0\u00e0 chercher dans mon adolescence, o\u00f9 d\u00e9j\u00e0 j\u2019aimais \u00e9crire\u00a0\u00bb, explique l\u2019auteur. Un voyage effectu\u00e9 dans ce pays o\u00f9 il rencontre cette population encore aujourd\u2019hui m\u00e9connue et maltrait\u00e9e, constitue un second pan de son inspiration et de sa riche documentation. Laurent Pipet a en outre travaill\u00e9 longtemps en Guyane, ultime refuge des Hmongs depuis leur exil forc\u00e9. \u00ab\u00a0J\u2019avais m\u00eame un Hmong comme voisin.\u00a0\u00bb Le r\u00e9cit peut \u00eatre lu aussi comme un trait\u00e9 d\u2019histoire sur l\u2019installation de cette population en Guyane et son int\u00e9gration pas toujours admise par les locaux fran\u00e7ais, m\u00eame si peu \u00e0 peu, elle a r\u00e9ussi \u00e0 imposer un mode de culture et d\u2019agriculture dans cette r\u00e9gion. Laurent Pipet a indiqu\u00e9 qu\u2019il lui a fallu quatre ann\u00e9es pour achever cette fresque romanesque. La lecture de quelques extraits a permis au public de plonger au c\u0153ur du destin fabuleux de ces exil\u00e9s et d\u2019inscrire leur histoire singuli\u00e8re dans la grande histoire migratoire collective.<\/p>\n<p>Laurent Pipet, \u00ab\u00a0La guerre du fou\u00a0\u00bb, roman, aux \u00e9ditions L\u2019Harmattan. Prix\u00a0: 21,50\u00a0\u20ac.<\/p>\n","protected":false},"excerpt":{"rendered":"Jeudi 22\u00a0mai 2025, Brigitte Puthon avait convi\u00e9 Laurent Pipet, d\u2019origine vouilletaise, \u00e0 l\u2019espace livres municipal de Vouill\u00e9, pour&hellip;\n","protected":false},"author":2,"featured_media":138864,"comment_status":"","ping_status":"","sticky":false,"template":"","format":"standard","meta":{"footnotes":""},"categories":[1357],"tags":[1379,1674,58,59,1011,27,1380,26522],"class_list":{"0":"post-138863","1":"post","2":"type-post","3":"status-publish","4":"format-standard","5":"has-post-thumbnail","7":"category-livres","8":"tag-books","9":"tag-communes","10":"tag-divertissement","11":"tag-entertainment","12":"tag-fr","13":"tag-france","14":"tag-livres","15":"tag-vouille-79"},"share_on_mastodon":{"url":"https:\/\/pubeurope.com\/@fr\/114595977444598166","error":""},"_links":{"self":[{"href":"https:\/\/www.europesays.com\/fr\/wp-json\/wp\/v2\/posts\/138863","targetHints":{"allow":["GET"]}}],"collection":[{"href":"https:\/\/www.europesays.com\/fr\/wp-json\/wp\/v2\/posts"}],"about":[{"href":"https:\/\/www.europesays.com\/fr\/wp-json\/wp\/v2\/types\/post"}],"author":[{"embeddable":true,"href":"https:\/\/www.europesays.com\/fr\/wp-json\/wp\/v2\/users\/2"}],"replies":[{"embeddable":true,"href":"https:\/\/www.europesays.com\/fr\/wp-json\/wp\/v2\/comments?post=138863"}],"version-history":[{"count":0,"href":"https:\/\/www.europesays.com\/fr\/wp-json\/wp\/v2\/posts\/138863\/revisions"}],"wp:featuredmedia":[{"embeddable":true,"href":"https:\/\/www.europesays.com\/fr\/wp-json\/wp\/v2\/media\/138864"}],"wp:attachment":[{"href":"https:\/\/www.europesays.com\/fr\/wp-json\/wp\/v2\/media?parent=138863"}],"wp:term":[{"taxonomy":"category","embeddable":true,"href":"https:\/\/www.europesays.com\/fr\/wp-json\/wp\/v2\/categories?post=138863"},{"taxonomy":"post_tag","embeddable":true,"href":"https:\/\/www.europesays.com\/fr\/wp-json\/wp\/v2\/tags?post=138863"}],"curies":[{"name":"wp","href":"https:\/\/api.w.org\/{rel}","templated":true}]}}