{"id":138867,"date":"2025-05-30T09:04:09","date_gmt":"2025-05-30T09:04:09","guid":{"rendered":"https:\/\/www.europesays.com\/fr\/138867\/"},"modified":"2025-05-30T09:04:09","modified_gmt":"2025-05-30T09:04:09","slug":"celine-dion-seffondre-devant-ses-fils-confidences-glacantes-sur-sa-maladie","status":"publish","type":"post","link":"https:\/\/www.europesays.com\/fr\/138867\/","title":{"rendered":"C\u00e9line Dion s\u2019effondre devant ses fils : confidences gla\u00e7antes sur sa maladie"},"content":{"rendered":"<p>Apr\u00e8s avoir travers\u00e9 des ann\u00e9es \u00e9prouvantes \u00e0 cause de la maladie (le syndrome de l&rsquo;homme raide, ndlr), <a href=\"https:\/\/www.public.fr\/tag\/celine-dion\" target=\"_blank\" rel=\"noopener\">C\u00e9line Dion<\/a> a sign\u00e9 <strong>un retour remarqu\u00e9 sur la sc\u00e8ne musicale<\/strong>. <\/p>\n<p>L&rsquo;an dernier, elle a cr\u00e9\u00e9 la surprise en apparaissant au sommet de la tour Eiffel lors de la c\u00e9r\u00e9monie d&rsquo;ouverture des Jeux Olympiques de Paris. <\/p>\n<p>Derni\u00e8rement, c&rsquo;est une autre apparition (virtuelle cette fois) qui a relanc\u00e9 toutes les sp\u00e9culations : la star a publi\u00e9 sur ses <a href=\"https:\/\/www.instagram.com\/celinedion\/\" target=\"_blank\" rel=\"noreferrer noopener\">r\u00e9seaux sociaux<\/a> <strong>plusieurs clich\u00e9s d&rsquo;elle \u00e0 l&rsquo;Eurovision 1988<\/strong>, ann\u00e9e de sa victoire pour la Suisse. Un clin d&rsquo;\u0153il qui a aussit\u00f4t enflamm\u00e9 les fans, persuad\u00e9s qu&rsquo;un grand retour sur la sc\u00e8ne du concours \u00e9tait en pr\u00e9paration.<\/p>\n<p>C\u00e9line Dion : un mod\u00e8le pour Louane<\/p>\n<p>Face \u00e0 la rumeur, <a href=\"https:\/\/www.public.fr\/eurovision-2025-celine-dion-au-cote-de-louane-le-directeur-du-concours-lache-une-bombe\" target=\"_blank\" rel=\"noopener\">Louane, la repr\u00e9sentante de la France<\/a>, n&rsquo;avait pas manqu\u00e9 de r\u00e9agir. \u00ab\u00a0\u00c7a va \u00eatre tr\u00e8s difficile pour moi, si j&rsquo;ai la chance de la rencontre, de rester calme\u00a0\u00bb, avait-elle notamment confi\u00e9 sur les ondes de RTL. <\/p>\n<p>Et d&rsquo;ajouter : \u00ab\u00a0<strong>Elle repr\u00e9sente toute mon enfance, toute la fa\u00e7on dont j&rsquo;ai grandi, le lien que j&rsquo;ai eu avec ma m\u00e8re.<\/strong> Tous les questionnements de vie et discussions \u00e9taient gr\u00e2ce aux chansons de C\u00e9line Dion. La premi\u00e8re fois que j&rsquo;ai pris conscience de la mort, par exemple, c&rsquo;est gr\u00e2ce \u00e0 sa chanson Vole\u00a0\u00bb. <\/p>\n<p>Malgr\u00e9 l&rsquo;insistance des rumeurs, C\u00e9line Dion n&rsquo;a finalement pas fait le d\u00e9placement \u00e0 l&rsquo;Eurovision. Dans un entretien accord\u00e9 \u00e0 une radio suisse, le responsable communication du concours, Edi Estermann, a confi\u00e9 que tout avait \u00e9t\u00e9 tent\u00e9 \u00ab\u00a0pour que cela soit possible\u00a0\u00bb. \u00ab\u00a0Mais <strong>la sant\u00e9 passe avant tout. En fait, les choses semblaient parfois aller mieux, puis plus mal<\/strong>\u00ab\u00a0. <\/p>\n<p>La star au plus mal<\/p>\n<p>De retour dans l&rsquo;ombre, les fans s&rsquo;inqui\u00e8tent. L&rsquo;interpr\u00e8te de My Heart Will Go On a-t-elle rechut\u00e9 ? Une chose est s\u00fbre, c&rsquo;est que le syndrome dont elle souffre ne lui laisse aucun r\u00e9pit. Affaiblie, elle s&rsquo;est r\u00e9cemment confi\u00e9e sur sa maladie dans les colonnes du magazine People.<\/p>\n<p>Selon les informations de nos confr\u00e8res anglophones relay\u00e9es par France Dimanche, <strong>les jumeaux ont \u00e9t\u00e9 traumatis\u00e9s par une crise subie par leur maman. <\/strong><\/p>\n<p>\u00ab\u00a0<strong>Nous leur avons expliqu\u00e9 [la crise, ndlr], nous l&rsquo;avons rejou\u00e9e image par image. Ce qui se passe quand je peux produire un son, ou pas. Ils peuvent m&rsquo;aider m\u00eame si je ne communique pas verbalement<\/strong>\u00ab\u00a0, a-t-elle expliqu\u00e9. <\/p>\n<p>La maison de C\u00e9line Dion serait d&rsquo;ailleurs \u00e9quip\u00e9e de plusieurs \u00ab\u00a0boutons d&rsquo;alarme\u00a0\u00bb en cas d&rsquo;urgence. Et ce n&rsquo;est pas tout ! <strong>Nelson et Eddy suivraient aussi r\u00e9guli\u00e8rement des cours de sauvetage<\/strong>. Tout est donc sous contr\u00f4le !<\/p>\n<p>      Mentionn\u00e9s dans cet article<\/p>\n<p>\u00c0 lire aussi<\/p>\n<p><script async src=\"\/\/www.instagram.com\/embed.js\"><\/script><\/p>\n","protected":false},"excerpt":{"rendered":"Apr\u00e8s avoir travers\u00e9 des ann\u00e9es \u00e9prouvantes \u00e0 cause de la maladie (le syndrome de l&rsquo;homme raide, ndlr), C\u00e9line&hellip;\n","protected":false},"author":2,"featured_media":138868,"comment_status":"","ping_status":"","sticky":false,"template":"","format":"standard","meta":{"footnotes":""},"categories":[1355],"tags":[7043,58,59,1011,27,1361,873,71],"class_list":{"0":"post-138867","1":"post","2":"type-post","3":"status-publish","4":"format-standard","5":"has-post-thumbnail","7":"category-musique","8":"tag-celine-dion","9":"tag-divertissement","10":"tag-entertainment","11":"tag-fr","12":"tag-france","13":"tag-music","14":"tag-musique","15":"tag-sante"},"share_on_mastodon":{"url":"https:\/\/pubeurope.com\/@fr\/114595985265487013","error":""},"_links":{"self":[{"href":"https:\/\/www.europesays.com\/fr\/wp-json\/wp\/v2\/posts\/138867","targetHints":{"allow":["GET"]}}],"collection":[{"href":"https:\/\/www.europesays.com\/fr\/wp-json\/wp\/v2\/posts"}],"about":[{"href":"https:\/\/www.europesays.com\/fr\/wp-json\/wp\/v2\/types\/post"}],"author":[{"embeddable":true,"href":"https:\/\/www.europesays.com\/fr\/wp-json\/wp\/v2\/users\/2"}],"replies":[{"embeddable":true,"href":"https:\/\/www.europesays.com\/fr\/wp-json\/wp\/v2\/comments?post=138867"}],"version-history":[{"count":0,"href":"https:\/\/www.europesays.com\/fr\/wp-json\/wp\/v2\/posts\/138867\/revisions"}],"wp:featuredmedia":[{"embeddable":true,"href":"https:\/\/www.europesays.com\/fr\/wp-json\/wp\/v2\/media\/138868"}],"wp:attachment":[{"href":"https:\/\/www.europesays.com\/fr\/wp-json\/wp\/v2\/media?parent=138867"}],"wp:term":[{"taxonomy":"category","embeddable":true,"href":"https:\/\/www.europesays.com\/fr\/wp-json\/wp\/v2\/categories?post=138867"},{"taxonomy":"post_tag","embeddable":true,"href":"https:\/\/www.europesays.com\/fr\/wp-json\/wp\/v2\/tags?post=138867"}],"curies":[{"name":"wp","href":"https:\/\/api.w.org\/{rel}","templated":true}]}}