{"id":138871,"date":"2025-05-30T09:06:09","date_gmt":"2025-05-30T09:06:09","guid":{"rendered":"https:\/\/www.europesays.com\/fr\/138871\/"},"modified":"2025-05-30T09:06:09","modified_gmt":"2025-05-30T09:06:09","slug":"epuisement-brouillard-cognitif-sensations-bizarres-ces-symptomes-invisibles-de-sclerose-en-plaques-qui-pourrissent-la-vie-des-patients","status":"publish","type":"post","link":"https:\/\/www.europesays.com\/fr\/138871\/","title":{"rendered":"\u00c9puisement, brouillard cognitif, sensations bizarres&#8230; Ces sympt\u00f4mes invisibles de scl\u00e9rose en plaques qui pourrissent la vie des patients"},"content":{"rendered":"<p><strong>T\u00c9MOIGNAGES &#8211; <\/strong>Les patients ne rencontrent pas toutes des probl\u00e8mes de mobilit\u00e9 manifestes. Mais tous vivent avec nombre de sympt\u00f4mes que leur entourage peine \u00e0 percevoir&#8230; voir \u00e0 croire. Zoom sur ces troubles tr\u00e8s handicapants.<\/p>\n<p class=\"fig-paragraph\">\u00ab\u00a0M\u00eame apr\u00e8s une bonne nuit, la plupart du temps, je me l\u00e8ve le matin comme si j\u2019avais d\u00e9j\u00e0 enquill\u00e9 ma journ\u00e9e.\u00a0\u00bb Pas facile pour Anne Cateloy, 44\u00a0ans, atteinte d\u2019une\u00a0<a href=\"https:\/\/sante.lefigaro.fr\/sante\/maladie\/sclerose-plaques\/quest-ce-que-cest#:~:text=La%20SEP%20est%20une%20affection,par%20des%20pouss%C3%A9es%20bien%20individualis%C3%A9es.\" target=\"_blank\" data-fig-type=\"Keyword\" rel=\"noopener\" data-gtm-custom-categorie=\"navigation\" data-gtm-custom-action=\"crossclick\" data-gtm-custom-label=\"Contextuel\" data-gtm-event=\"customEventSPE\" data-fig-domain=\"SANTE\">scl\u00e9rose en plaques<\/a>\u00a0(SEP) diagnostiqu\u00e9e en janvier 2022, de pr\u00e9parer les petits d\u00e9jeuners de ses trois enfants, de partir au travail en forme, et de tenir toute la journ\u00e9e. \u00ab\u00a0Le soir, parfois, je n\u2019arrive juste plus \u00e0 avancer, \u00e0 monter \u00e0 l\u2019\u00e9tage coucher mes enfants, \u00e0 faire la vaisselle, \u00e0 anticiper le lendemain&#8230; Mon cerveau et mes jambes ne suivent plus.\u00a0\u00bb \u00ab\u00a0<a href=\"https:\/\/sante.lefigaro.fr\/actualite\/2015\/07\/12\/23940-sclerose-plaques-fatigue-est-courante-pas-fauteuil-roulant\" data-fig-type=\"Article\" data-gtm-custom-categorie=\"navigation\" data-gtm-custom-action=\"crossclick\" data-gtm-custom-label=\"Contextuel\" data-gtm-event=\"customEventSPE\" data-fig-domain=\"SANTE\" target=\"_blank\" rel=\"noopener\">L\u2019\u00e9puisement<\/a> \u00a0tombe d\u2019un coup. Jusqu\u2019\u00e0 parfois me faire perdre la voix\u00a0\u00bb, abonde Alain Lagreze, 57\u00a0ans, dont le diagnostic a \u00e9t\u00e9 pos\u00e9 en 2008 apr\u00e8s onze ans d\u2019errance m\u00e9dicale. \u00ab\u00a0Quand je vais bien, je donne sans compter, et puis \u00e7a me rattrape. Je le sais, pourtant&#8230;\u00a0\u00bb, souris de son c\u00f4t\u00e9 Christine Grouard, 55\u00a0ans, qui se sait malade depuis 1999.<\/p>\n<p class=\"fig-paragraph\">Tous le disent,\u00a0<a href=\"http:\/\/sante.lefigaro.fr\/mieux-etre\/de-quelle-fatigue-souffrez-vous-et-comment-en-venir-a-bout-20241002\" data-fig-type=\"Article\" data-gtm-custom-categorie=\"navigation\" data-gtm-custom-action=\"crossclick\" data-gtm-custom-label=\"Contextuel\" data-gtm-event=\"customEventSPE\" data-fig-domain=\"SANTE\" target=\"_blank\" rel=\"noopener\">la fatigabilit\u00e9<\/a>\u00a0les freine sans cesse.\u00a0<a href=\"https:\/\/www.lefigaro.fr\/actualite-france\/alice-deves-et-anaelle-marzeliere-au-nom-des-invisibles-20230906\" data-fig-type=\"Article\" data-gtm-custom-categorie=\"navigation\" data-gtm-custom-action=\"crossclick\" data-gtm-custom-label=\"Contextuel\" data-gtm-event=\"customEventSPE\" data-fig-domain=\"LEFIGARO\" target=\"_blank\" rel=\"noopener\">Invisible<\/a>, elle est un sympt\u00f4me reconnu de la SEP. Le plus fr\u00e9quent\u2026<\/p>\n<p class=\"fig-premium-paywall__infos\">\n        Cet article est r\u00e9serv\u00e9 aux abonn\u00e9s.        Il vous reste 86% \u00e0 d\u00e9couvrir.\n    <\/p>\n<p>                <img  data- alt=\"Le Figaro\" class=\"fig-img--complete fig-img\"\/><\/p>\n<p class=\"fig-premium-paywall__title\">Vente Flash<\/p>\n<p class=\"fig-premium-paywall__subtitle\">4,99\u20ac par mois pendant 12 mois. Sans engagement.<\/p>\n<p class=\"fig-premium-paywall__connect\">\n                D\u00e9j\u00e0 abonn\u00e9\u00a0?                <a class=\"fig-premium-paywall__connect-link\" href=\"https:\/\/connect.lefigaro.fr\/login?client=sante_web&amp;type=main&amp;redirect_uri=https%3A%2F%2Fsante.lefigaro.fr%2Fmedecine%2Fepuisement-brouillard-cognitif-sensations-bizarres-ces-symptomes-invisibles-de-sclerose-en-plaques-qui-pourrissent-la-vie-des-patients-20250530\" data-js-gtm=\"{&quot;customCategorie&quot;: &quot;conversion&quot;, &quot;customAction&quot;: &quot;before_Landing_Connexion_paywall_auto&quot;, &quot;customLabel&quot;: &quot;c2FudGUubGVmaWdhcm8uZnJfXzFmMDM2MjM1LTI5MDYtNmUwZS05NThkLTA3NjQ4MWExYjM5NF9fQXJ0aWNsZQ==_\u00c9puisement, brouillard cognitif, sensations bizarres... Ces sympt\u00f4mes invisibles de scl\u00e9rose en plaques qui pourrissent la vie des patients_118&quot;, &quot;customIDSPE&quot;: &quot;c2FudGUubGVmaWdhcm8uZnJfXzFmMDM2MjM1LTI5MDYtNmUwZS05NThkLTA3NjQ4MWExYjM5NF9fQXJ0aWNsZQ==&quot;, &quot;event&quot;: &quot;customEventSPE&quot;}\" target=\"_blank\" rel=\"noopener\"><br \/>\n                    Connectez-vous<br \/>\n                <\/a>\n            <\/p>\n","protected":false},"excerpt":{"rendered":"T\u00c9MOIGNAGES &#8211; Les patients ne rencontrent pas toutes des probl\u00e8mes de mobilit\u00e9 manifestes. Mais tous vivent avec nombre&hellip;\n","protected":false},"author":2,"featured_media":138872,"comment_status":"","ping_status":"","sticky":false,"template":"","format":"standard","meta":{"footnotes":""},"categories":[10],"tags":[237,101,232,231,234,228,1011,27,72,239,230,238,226,224,225,233,229,236,235,71,227],"class_list":{"0":"post-138871","1":"post","2":"type-post","3":"status-publish","4":"format-standard","5":"has-post-thumbnail","7":"category-sante","8":"tag-actualite-sur-les-maladies","9":"tag-cancer","10":"tag-cardiologie","11":"tag-cerveau","12":"tag-diabete","13":"tag-diagnostic","14":"tag-fr","15":"tag-france","16":"tag-health","17":"tag-info-sur-les-maladies","18":"tag-infographie","19":"tag-information-sur-les-maladies","20":"tag-maladie","21":"tag-medecine","22":"tag-medicament","23":"tag-obesite","24":"tag-pathologie","25":"tag-pediatrie","26":"tag-psychiatrie","27":"tag-sante","28":"tag-traitement"},"share_on_mastodon":{"url":"https:\/\/pubeurope.com\/@fr\/114595992978478562","error":""},"_links":{"self":[{"href":"https:\/\/www.europesays.com\/fr\/wp-json\/wp\/v2\/posts\/138871","targetHints":{"allow":["GET"]}}],"collection":[{"href":"https:\/\/www.europesays.com\/fr\/wp-json\/wp\/v2\/posts"}],"about":[{"href":"https:\/\/www.europesays.com\/fr\/wp-json\/wp\/v2\/types\/post"}],"author":[{"embeddable":true,"href":"https:\/\/www.europesays.com\/fr\/wp-json\/wp\/v2\/users\/2"}],"replies":[{"embeddable":true,"href":"https:\/\/www.europesays.com\/fr\/wp-json\/wp\/v2\/comments?post=138871"}],"version-history":[{"count":0,"href":"https:\/\/www.europesays.com\/fr\/wp-json\/wp\/v2\/posts\/138871\/revisions"}],"wp:featuredmedia":[{"embeddable":true,"href":"https:\/\/www.europesays.com\/fr\/wp-json\/wp\/v2\/media\/138872"}],"wp:attachment":[{"href":"https:\/\/www.europesays.com\/fr\/wp-json\/wp\/v2\/media?parent=138871"}],"wp:term":[{"taxonomy":"category","embeddable":true,"href":"https:\/\/www.europesays.com\/fr\/wp-json\/wp\/v2\/categories?post=138871"},{"taxonomy":"post_tag","embeddable":true,"href":"https:\/\/www.europesays.com\/fr\/wp-json\/wp\/v2\/tags?post=138871"}],"curies":[{"name":"wp","href":"https:\/\/api.w.org\/{rel}","templated":true}]}}