{"id":138885,"date":"2025-05-30T09:14:10","date_gmt":"2025-05-30T09:14:10","guid":{"rendered":"https:\/\/www.europesays.com\/fr\/138885\/"},"modified":"2025-05-30T09:14:10","modified_gmt":"2025-05-30T09:14:10","slug":"la-maison-blanche-a-eu-bien-du-mal-a-se-justifier-face-a-ce-rapport-de-sante-bacle","status":"publish","type":"post","link":"https:\/\/www.europesays.com\/fr\/138885\/","title":{"rendered":"La Maison Blanche a eu bien du mal \u00e0 se justifier face \u00e0 ce rapport de sant\u00e9 b\u00e2cl\u00e9"},"content":{"rendered":"<p>        <img decoding=\"async\" loading=\"lazy\" src=\"https:\/\/www.europesays.com\/fr\/wp-content\/uploads\/2025\/05\/34c0fde_sirius-fs-upload-1-szxni6nj31hf-1748581948702-000-48kt9nr.jpg\"  width=\"728\" height=\"409\" alt=\"Donald Trump et Robert F. Kennedy Jr. assistant \u00e0 un \u00e9v\u00e9nement de la Commission MAHA (Make America Healthy Again), \u00e0 la Maison Blanche \u00e0 Washington, le 22\u00a0mai 2025.\"\/>  <\/p>\n<p>JIM WATSON \/ AFP<\/p>\n<p>Donald Trump et Robert F. Kennedy Jr. assistant \u00e0 un \u00e9v\u00e9nement de la Commission MAHA (Make America Healthy Again), \u00e0 la Maison Blanche \u00e0 Washington, le 22\u00a0mai 2025.<\/p>\n<p class=\"asset asset-text\">\u00c9TATS-UNIS &#8211; C\u2019\u00e9tait un peu trop gros pour passer. La\u00a0Maison\u00a0Blanche\u00a0a tent\u00e9 jeudi 29\u00a0mai de minimiser les inqui\u00e9tudes \u00e0 propos d\u2019un rapport sur les maladies affectant les jeunes Am\u00e9ricains, avant de modifier le document qui se fondait dans un premier temps sur des \u00e9tudes scientifiques&#8230; inexistantes.<\/p>\n<p class=\"asset asset-text\">Ce rapport tr\u00e8s attendu, intitul\u00e9 \u00ab\u00a0Make America Healthy Again\u00a0\u00bb (MAHA, \u00ab\u00a0Rendre \u00e0 l\u2019Am\u00e9rique sa Sant\u00e9\u00a0\u00bb), command\u00e9 par <a href=\"https:\/\/www.huffingtonpost.fr\/international\/article\/donald-trump-vexe-par-le-surnom-qui-lui-est-donne-a-wall-street_250662.html\" target=\"_blank\" rel=\"noopener\">Donald Trump<\/a> et publi\u00e9 le 22\u00a0mai par <a href=\"https:\/\/www.huffingtonpost.fr\/international\/article\/le-ministre-de-la-sante-de-trump-critique-pour-ce-rapport-sur-la-sante-des-americains-qui-condense-ses-obsessions_250417.html\" target=\"_blank\" rel=\"noopener\">le ministre de la Sant\u00e9 vaccinosceptique Robert Kennedy Jr<\/a>, pointe un lien entre l\u2019alimentation ultra-transform\u00e9e, les pesticides ou encore les \u00e9crans, et les maladies chroniques touchant les enfants. Il s\u00e8me \u00e9galement le doute sur les vaccins.<\/p>\n<p class=\"asset asset-text\">Or quatre scientifiques, contact\u00e9s par l\u2019AFP, \u00e9taient cit\u00e9s dans la premi\u00e8re version du rapport Maha pour des travaux&#8230; qu\u2019ils n\u2019ont pas \u00e9crits.<\/p>\n<p class=\"asset asset-text\">Ces erreurs, signal\u00e9es pour la premi\u00e8re fois jeudi par Notus, m\u00e9dia affili\u00e9 \u00e0 l\u2019institut de journalisme Allbritton, ont cr\u00e9\u00e9 l\u2019incertitude autour du rapport Maha, qui expose le programme de Robert Kennedy Jr (RFK).<\/p>\n<p class=\"asset asset-text\">La porte-parole de la\u00a0Maison\u00a0Blanche, Karoline Leavitt, les a mises sur le compte de \u00ab\u00a0probl\u00e8mes de mise en forme\u00a0\u00bb lors d\u2019un point presse jeudi. \u00ab\u00a0Cela ne remet pas en cause la substance du rapport\u00a0\u00bb, a assur\u00e9 la porte-parole, exprimant sa confiance en RFK Jr et son \u00e9quipe. Elle a insist\u00e9 sur le fait que leur travail \u00e9tait \u00ab\u00a0fond\u00e9 sur des donn\u00e9es scientifiques fiables\u00a0\u00bb.<\/p>\n<p> La lecture de ce contenu est susceptible d\u2019entra\u00eener un d\u00e9p\u00f4t de cookies de la part de l\u2019op\u00e9rateur tiers qui l\u2019h\u00e9berge. Compte-tenu des choix que vous avez exprim\u00e9s en mati\u00e8re de d\u00e9p\u00f4t de cookies, nous avons bloqu\u00e9 l\u2019affichage de ce contenu. Si vous souhaitez y acc\u00e9der, vous devez accepter la cat\u00e9gorie de cookies \u201cContenus tiers\u201d en cliquant sur le bouton ci-dessous. <\/p>\n<p> Lire la Vid\u00e9o        Articles inexistants    <\/p>\n<p class=\"asset asset-text\">Noah Kreski, chercheur \u00e0 l\u2019universit\u00e9 Columbia et auteur d\u2019un article sur l\u2019anxi\u00e9t\u00e9 et la d\u00e9pression chez les adolescents pendant le <a href=\"https:\/\/www.huffingtonpost.fr\/france\/article\/covid-19-chiffres-viralite-ce-que-l-on-sait-du-nouveau-variant-detecte-en-france_250493.html\" target=\"_blank\" rel=\"noopener\">Covid-19<\/a>, a d\u00e9clar\u00e9 \u00e0 l\u2019AFP qu\u2019une citation qui lui \u00e9tait attribu\u00e9e n\u2019\u00e9tait \u00ab\u00a0pas issue de l\u2019une de (ses) \u00e9tudes\u00a0\u00bb et semblait, en r\u00e9alit\u00e9, ne provenir d\u2019aucune \u00e9tude existante.<\/p>\n<p class=\"asset asset-text\">Cette citation initiale renvoyait vers un lien internet dysfonctionnel, cens\u00e9 rediriger le lecteur vers un article issu d\u2019une revue scientifique r\u00e9put\u00e9e, le Journal of the American medical association Pediatrics (Jama Pediatrics). Mais Jim Michalski, attach\u00e9 de presse de l\u2019organisation, a assur\u00e9 que cet article n\u2019a \u00e9t\u00e9 publi\u00e9 ni dans la revue, ni dans les p\u00e9riodiques du r\u00e9seau Jama.<\/p>\n<p class=\"asset asset-text\">Katherine Keyes, \u00e9pid\u00e9miologiste \u00e0 l\u2019universit\u00e9 Columbia, qui figurait \u00e9galement parmi les auteurs de l\u2019\u00e9tude suppos\u00e9e du Jama, a fait part de son inqui\u00e9tude. Bien qu\u2019elle fasse effectivement des recherches sur le sujet de l\u2019article fant\u00f4me, elle a d\u00e9clar\u00e9 \u00e0 l\u2019AFP qu\u2019elle ne savait pas d\u2019o\u00f9 provenaient les statistiques qui lui \u00e9taient attribu\u00e9es.<\/p>\n<p class=\"asset asset-text\">\u00ab\u00a0Je serais heureuse d\u2019envoyer cette information \u00e0 la commission Maha pour qu\u2019elle corrige le rapport, bien que je n\u2019aie pas encore re\u00e7u d\u2019information sur la fa\u00e7on de la contacter\u00a0\u00bb, a-t-elle d\u00e9clar\u00e9.<\/p>\n<p class=\"asset asset-text\">M\u00eame chose pour Harold Farber, professeur en p\u00e9diatrie au Baylor College of medicine, et pour Robert Findling, professeur \u00e0 l\u2019universit\u00e9 du Commonwealth de Virginie.<\/p>\n<p>                     Intelligence artificielle    <\/p>\n<p class=\"asset asset-text\">Enfin, un article sur les traitements destin\u00e9s aux personnes atteintes d\u2019un trouble du d\u00e9ficit de l\u2019attention n\u2019a pas \u00e9t\u00e9 publi\u00e9 dans la revue Pediatrics en 2008, comme affirm\u00e9 dans l\u2019\u00e9tude de RFK Jr. \u00ab\u00a0Je peux confirmer que nous n\u2019avons pas trouv\u00e9 ce titre lors d\u2019une recherche sur le site\u00a0\u00bb, a indiqu\u00e9 l\u2019Acad\u00e9mie am\u00e9ricaine de p\u00e9diatrie.<\/p>\n<p class=\"asset asset-text\">Le minist\u00e8re de la Sant\u00e9 a refus\u00e9 de commenter, renvoyant les questions de l\u2019AFP \u00e0 la\u00a0Maison\u00a0Blanche.<\/p>\n<p class=\"asset asset-text\">Or lors de son point presse \u00e0 la\u00a0Maison\u00a0Blanche, Karoline Leavitt n\u2019a pas voulu dire comment le rapport avait \u00e9t\u00e9 produit et si des outils d\u2019<a href=\"https:\/\/www.huffingtonpost.fr\/life\/article\/de-nombreux-couples-utilisent-chatgpt-pour-resoudre-les-disputes-mais-est-ce-une-bonne-idee-ces-psys-repondent_250406.html\" target=\"_blank\" rel=\"noopener\">intelligence artificielle<\/a> avaient \u00e9t\u00e9 utilis\u00e9s pour le r\u00e9diger, renvoyant ces questions au minist\u00e8re.<\/p>\n<p class=\"asset asset-text\">Toutes les citations sur lesquelles l\u2019AFP a enqu\u00eat\u00e9 ont dans un second temps \u00e9t\u00e9 remplac\u00e9es par des liens vers des sources r\u00e9elles, m\u00eame si dans un cas une publication normalement contr\u00f4l\u00e9e par des pairs a \u00e9t\u00e9 remplac\u00e9e par un simple article du New York Times.<\/p>\n<p class=\"asset asset-text\">Le Parti d\u00e9mocrate a d\u00e9nonc\u00e9 le rapport comme \u00e9tant \u00ab\u00a0truff\u00e9 de fausses informations\u00a0\u00bb, affirmant que le minist\u00e8re de RFK Jr \u00ab\u00a0justifie ses priorit\u00e9s politiques par des \u00e9tudes et des sources qui n\u2019existent pas\u00a0\u00bb.<\/p>\n<p class=\"asset asset-text\">La publication du rapport MAHA \u00e9tait attendue par les professionnels de sant\u00e9 en raison de la sensibilit\u00e9 et de la complexit\u00e9 du sujet, mais aussi du r\u00f4le central jou\u00e9 par RFK Jr, contest\u00e9 pour ses positions antivaccins. Celui-ci s\u2019en \u00e9tait pris mardi aux grandes revues m\u00e9dicales am\u00e9ricaines, qu\u2019il accuse d\u2019\u00eatre \u00ab\u00a0corrompues\u00a0\u00bb et aux mains des laboratoires pharmaceutiques.<\/p>\n","protected":false},"excerpt":{"rendered":"JIM WATSON \/ AFP Donald Trump et Robert F. Kennedy Jr. assistant \u00e0 un \u00e9v\u00e9nement de la Commission&hellip;\n","protected":false},"author":2,"featured_media":138886,"comment_status":"","ping_status":"","sticky":false,"template":"","format":"standard","meta":{"footnotes":""},"categories":[2],"tags":[11,73,1011,27,14,78,226,12,71],"class_list":{"0":"post-138885","1":"post","2":"type-post","3":"status-publish","4":"format-standard","5":"has-post-thumbnail","7":"category-actualites","8":"tag-actualites","9":"tag-etats-unis","10":"tag-fr","11":"tag-france","12":"tag-international","13":"tag-maison-blanche","14":"tag-maladie","15":"tag-news","16":"tag-sante"},"share_on_mastodon":{"url":"https:\/\/pubeurope.com\/@fr\/114596024382152320","error":""},"_links":{"self":[{"href":"https:\/\/www.europesays.com\/fr\/wp-json\/wp\/v2\/posts\/138885","targetHints":{"allow":["GET"]}}],"collection":[{"href":"https:\/\/www.europesays.com\/fr\/wp-json\/wp\/v2\/posts"}],"about":[{"href":"https:\/\/www.europesays.com\/fr\/wp-json\/wp\/v2\/types\/post"}],"author":[{"embeddable":true,"href":"https:\/\/www.europesays.com\/fr\/wp-json\/wp\/v2\/users\/2"}],"replies":[{"embeddable":true,"href":"https:\/\/www.europesays.com\/fr\/wp-json\/wp\/v2\/comments?post=138885"}],"version-history":[{"count":0,"href":"https:\/\/www.europesays.com\/fr\/wp-json\/wp\/v2\/posts\/138885\/revisions"}],"wp:featuredmedia":[{"embeddable":true,"href":"https:\/\/www.europesays.com\/fr\/wp-json\/wp\/v2\/media\/138886"}],"wp:attachment":[{"href":"https:\/\/www.europesays.com\/fr\/wp-json\/wp\/v2\/media?parent=138885"}],"wp:term":[{"taxonomy":"category","embeddable":true,"href":"https:\/\/www.europesays.com\/fr\/wp-json\/wp\/v2\/categories?post=138885"},{"taxonomy":"post_tag","embeddable":true,"href":"https:\/\/www.europesays.com\/fr\/wp-json\/wp\/v2\/tags?post=138885"}],"curies":[{"name":"wp","href":"https:\/\/api.w.org\/{rel}","templated":true}]}}