{"id":138897,"date":"2025-05-30T09:24:16","date_gmt":"2025-05-30T09:24:16","guid":{"rendered":"https:\/\/www.europesays.com\/fr\/138897\/"},"modified":"2025-05-30T09:24:16","modified_gmt":"2025-05-30T09:24:16","slug":"elle-dissimule-du-cannabis-dans-son-soutien-gorge-pour-son-compagnon-detenu","status":"publish","type":"post","link":"https:\/\/www.europesays.com\/fr\/138897\/","title":{"rendered":"elle dissimule du cannabis dans son soutien-gorge pour son compagnon d\u00e9tenu"},"content":{"rendered":"<p>\n\t\t\t\t\tLa tentative d\u2019une jeune femme venue rendre visite \u00e0 son compagnon d\u00e9tenu a \u00e9chou\u00e9 : du cannabis a \u00e9t\u00e9 retrouv\u00e9 \u00e0 la sortie du parloir. \t\t\t\t<\/p>\n<p>\n\t\t\t\t\t\t\t\t\t\u00a9 Photo d\u2019illustration.\t\t\t\t\t\t\t\t<\/p>\n<p><strong>Samedi 24 mai<\/strong>, les forces de l\u2019ordre ont interpell\u00e9 une N\u00eemoise de 23 ans. Cette derni\u00e8re se trouvait \u00e0 la sortie d\u2019un parloir dans <strong>la structure d\u2019accompagnement vers la sortie<\/strong>, \u00e0 <a href=\"https:\/\/infoccitanie.fr\/tag\/montpellier\/\" rel=\"nofollow noopener\" target=\"_blank\">Montpellier<\/a>. D\u2019apr\u00e8s <a href=\"https:\/\/www.midilibre.fr\/2025\/05\/29\/du-cannabis-cache-dans-son-soutien-gorge-elle-approvisionne-son-compagnon-detenu-a-la-structure-daccompagnement-vers-la-sortie-a-montpellier-12726830.php\" target=\"_blank\" rel=\"nofollow noopener\">Midi Libre<\/a> relatant l\u2019\u00e9v\u00e8nement, elle venait de rendre visite \u00e0 son compagnon d\u00e9tenu dans cette structure destin\u00e9e \u00e0 favoriser la r\u00e9insertion. \u00c0 l\u2019issue de la visite, les surveillants p\u00e9nitentiaires ont retrouv\u00e9 <strong>9,8 grammes de r\u00e9sine de cannabis<\/strong> <strong>sur le d\u00e9tenu<\/strong>. La jeune femme, retenue sur place, avait <strong>dissimul\u00e9 la drogue dans son soutien-gorge<\/strong>.<\/p>\n<p>Du cannabis cach\u00e9 dans son soutien-gorge<\/p>\n<p>Cette <strong>tentative d\u2019introduction de produits stup\u00e9fiants<\/strong> en <strong>milieu carc\u00e9ral<\/strong> constitue une infraction p\u00e9nale passible de poursuites. La jeune femme est justement convoqu\u00e9e devant la justice pour <strong>d\u00e9tention de stup\u00e9fiants et remise d\u2019objet illicite<\/strong>.<\/p>\n","protected":false},"excerpt":{"rendered":"La tentative d\u2019une jeune femme venue rendre visite \u00e0 son compagnon d\u00e9tenu a \u00e9chou\u00e9 : du cannabis a&hellip;\n","protected":false},"author":2,"featured_media":82317,"comment_status":"","ping_status":"","sticky":false,"template":"","format":"standard","meta":{"footnotes":""},"categories":[9599],"tags":[1111,11,1052,1777,674,1011,27,2208,12,2680,25],"class_list":{"0":"post-138897","1":"post","2":"type-post","3":"status-publish","4":"format-standard","5":"has-post-thumbnail","7":"category-montpellier","8":"tag-actu","9":"tag-actualites","10":"tag-drogue","11":"tag-eu","12":"tag-europe","13":"tag-fr","14":"tag-france","15":"tag-montpellier","16":"tag-news","17":"tag-occitanie","18":"tag-republique-francaise"},"share_on_mastodon":{"url":"https:\/\/pubeurope.com\/@fr\/114596063649603702","error":""},"_links":{"self":[{"href":"https:\/\/www.europesays.com\/fr\/wp-json\/wp\/v2\/posts\/138897","targetHints":{"allow":["GET"]}}],"collection":[{"href":"https:\/\/www.europesays.com\/fr\/wp-json\/wp\/v2\/posts"}],"about":[{"href":"https:\/\/www.europesays.com\/fr\/wp-json\/wp\/v2\/types\/post"}],"author":[{"embeddable":true,"href":"https:\/\/www.europesays.com\/fr\/wp-json\/wp\/v2\/users\/2"}],"replies":[{"embeddable":true,"href":"https:\/\/www.europesays.com\/fr\/wp-json\/wp\/v2\/comments?post=138897"}],"version-history":[{"count":0,"href":"https:\/\/www.europesays.com\/fr\/wp-json\/wp\/v2\/posts\/138897\/revisions"}],"wp:featuredmedia":[{"embeddable":true,"href":"https:\/\/www.europesays.com\/fr\/wp-json\/wp\/v2\/media\/82317"}],"wp:attachment":[{"href":"https:\/\/www.europesays.com\/fr\/wp-json\/wp\/v2\/media?parent=138897"}],"wp:term":[{"taxonomy":"category","embeddable":true,"href":"https:\/\/www.europesays.com\/fr\/wp-json\/wp\/v2\/categories?post=138897"},{"taxonomy":"post_tag","embeddable":true,"href":"https:\/\/www.europesays.com\/fr\/wp-json\/wp\/v2\/tags?post=138897"}],"curies":[{"name":"wp","href":"https:\/\/api.w.org\/{rel}","templated":true}]}}