{"id":138904,"date":"2025-05-30T09:29:17","date_gmt":"2025-05-30T09:29:17","guid":{"rendered":"https:\/\/www.europesays.com\/fr\/138904\/"},"modified":"2025-05-30T09:29:17","modified_gmt":"2025-05-30T09:29:17","slug":"pour-sa-prochaine-edition-le-marche-a-manger-de-rennes-accueille-des-restaurateurs-brestois","status":"publish","type":"post","link":"https:\/\/www.europesays.com\/fr\/138904\/","title":{"rendered":"Pour sa prochaine \u00e9dition, le march\u00e9 \u00e0 manger de Rennes accueille des restaurateurs brestois"},"content":{"rendered":"<p>            Par<br \/>\n        <strong><br \/>\n            <a href=\"https:\/\/actu.fr\/auteur\/lou-batteux\" title=\"Consulter tous les articles de Lou Batteux\" rel=\"nofollow noopener\" target=\"_blank\">Lou Batteux<\/a><br \/>\n        <\/strong><\/p>\n<p>        Publi\u00e9 le<\/p>\n<p>            30 mai 2025 \u00e0 6h32        <\/p>\n<p>Tous les premiers dimanches du mois, <strong>La Cri\u00e9e-March\u00e9 Central<\/strong>, entre le boulevard de la Libert\u00e9 et la place Honor\u00e9 Commeurec, \u00e0 Rennes, accueille <strong>le march\u00e9 \u00e0 manger<\/strong>. Ce week-end, <strong>des restaurateurs venus de Brest y prendront part<\/strong> aux c\u00f4t\u00e9s de ceux de Rennes pour vous proposer des produits de saison.<\/p>\n<p class=\" wall-content\">Cet \u00e9v\u00e8nement culinaire r\u00e9unira <strong>une vingtaine de cuisiniers<\/strong> bretons ce <strong>dimanche 1er\u00a0juin<\/strong><strong> 2025, \u00e0 partir de 11h<\/strong>.<\/p>\n<p>Les restaurateurs attendus<\/p>\n<ul class=\" wall-content\">\n<li>Peck &amp; Co ;<\/li>\n<li>Charcuterie H\u00e9libert ;<\/li>\n<li>Le coq en P\u00e2te ;<\/li>\n<li>The Med\u2019s ;<\/li>\n<li>Les Darons ;<\/li>\n<li>Coupel ;<\/li>\n<li>Fezi ;<\/li>\n<li>Sucre d\u2019or ;<\/li>\n<li>Seta ;<\/li>\n<li>Caravane Palace ;<\/li>\n<\/ul>\n<p class=\" wall-content\"><a href=\"https:\/\/www.instagram.com\/p\/DJzNzmjMi0s\/embed\" title=\"Ouvrir le lien sur Instagram\" rel=\"nofollow noopener\" target=\"_blank\">Visualiser le contenu sur Instagram<\/a><\/p>\n<ul class=\" wall-content\">\n<li>\u00c7a nous botte ;<\/li>\n<li>Napoletana Pizza ;<\/li>\n<li>Mi Casita ;<\/li>\n<li>Le Coin Perdu ;<\/li>\n<li>Banh Banh ;<\/li>\n<li>Maison Boull\u00e9 ;<\/li>\n<li>Cave le Vin Vivant ;<\/li>\n<li>Okipic ;<\/li>\n<li>Brasserie Fusion ;<\/li>\n<li>Ferme Pradenn.<\/li>\n<\/ul>\n<p class=\" wall-content\">Le concept ne change pas : les restaurateurs proposent des plats faciles \u00e0 manger sur place ou \u00e0 emporter et \u00e0 <strong>des prix tr\u00e8s accessibles<\/strong>, aux alentours de 7,5 euros. Des <strong>repas sont offerts gratuitement aux \u00e9tudiants<\/strong>, dans la limite de l\u2019offre disponible.<\/p>\n<p>Vid\u00e9os : en ce moment sur Actu<\/p>\n<p class=\" wall-content\">Pensez \u00e0 ramener <strong>vos propres contenants<\/strong>, car le march\u00e9 n\u2019en pr\u00e9voit pas en principe.<\/p>\n<p>Rendez-vous au march\u00e9 \u00e0 manger de Rennes le dimanche 1\u1d49\u02b3 juin 2025 \u00e0 partir de 11h, \u00e0 La Cri\u00e9e-March\u00e9 Central, rue Jules Simon.<\/p>\n<p class=\" wall-content\">Suivez toute l\u2019actualit\u00e9 de vos villes et m\u00e9dias favoris en vous inscrivant \u00e0 <a href=\"https:\/\/moncompte.actu.fr\" title=\"D\u00e9couvez Mon Actu\" rel=\"nofollow noopener\" data-trk=\"{&quot;cta&quot;:{&quot;action&quot;:&quot;https:\\\/\\\/moncompte.actu.fr&quot;,&quot;category&quot;:&quot;mon compte&quot;,&quot;from&quot;:&quot;article footer&quot;,&quot;name&quot;:&quot;Mon actu&quot;,&quot;type&quot;:&quot;cta&quot;}}\" target=\"_blank\">Mon Actu<\/a>.<\/p>\n<p>                    <script async src=\"\/\/www.instagram.com\/embed.js\"><\/script><\/p>\n","protected":false},"excerpt":{"rendered":"Par Lou Batteux Publi\u00e9 le 30 mai 2025 \u00e0 6h32 Tous les premiers dimanches du mois, La Cri\u00e9e-March\u00e9&hellip;\n","protected":false},"author":2,"featured_media":5644,"comment_status":"","ping_status":"","sticky":false,"template":"","format":"standard","meta":{"footnotes":""},"categories":[2821],"tags":[1111,11,829,1777,674,1011,27,1652,2089,12,584,25,1340],"class_list":{"0":"post-138904","1":"post","2":"type-post","3":"status-publish","4":"format-standard","5":"has-post-thumbnail","7":"category-rennes","8":"tag-actu","9":"tag-actualites","10":"tag-bretagne","11":"tag-eu","12":"tag-europe","13":"tag-fr","14":"tag-france","15":"tag-loisirs-culture","16":"tag-marche","17":"tag-news","18":"tag-rennes","19":"tag-republique-francaise","20":"tag-restaurant"},"share_on_mastodon":{"url":"https:\/\/pubeurope.com\/@fr\/114596083535853828","error":""},"_links":{"self":[{"href":"https:\/\/www.europesays.com\/fr\/wp-json\/wp\/v2\/posts\/138904","targetHints":{"allow":["GET"]}}],"collection":[{"href":"https:\/\/www.europesays.com\/fr\/wp-json\/wp\/v2\/posts"}],"about":[{"href":"https:\/\/www.europesays.com\/fr\/wp-json\/wp\/v2\/types\/post"}],"author":[{"embeddable":true,"href":"https:\/\/www.europesays.com\/fr\/wp-json\/wp\/v2\/users\/2"}],"replies":[{"embeddable":true,"href":"https:\/\/www.europesays.com\/fr\/wp-json\/wp\/v2\/comments?post=138904"}],"version-history":[{"count":0,"href":"https:\/\/www.europesays.com\/fr\/wp-json\/wp\/v2\/posts\/138904\/revisions"}],"wp:featuredmedia":[{"embeddable":true,"href":"https:\/\/www.europesays.com\/fr\/wp-json\/wp\/v2\/media\/5644"}],"wp:attachment":[{"href":"https:\/\/www.europesays.com\/fr\/wp-json\/wp\/v2\/media?parent=138904"}],"wp:term":[{"taxonomy":"category","embeddable":true,"href":"https:\/\/www.europesays.com\/fr\/wp-json\/wp\/v2\/categories?post=138904"},{"taxonomy":"post_tag","embeddable":true,"href":"https:\/\/www.europesays.com\/fr\/wp-json\/wp\/v2\/tags?post=138904"}],"curies":[{"name":"wp","href":"https:\/\/api.w.org\/{rel}","templated":true}]}}