{"id":138905,"date":"2025-05-30T09:30:12","date_gmt":"2025-05-30T09:30:12","guid":{"rendered":"https:\/\/www.europesays.com\/fr\/138905\/"},"modified":"2025-05-30T09:30:12","modified_gmt":"2025-05-30T09:30:12","slug":"un-jeune-de-23-ans-se-noie-dans-un-etang-pres-de-rennes","status":"publish","type":"post","link":"https:\/\/www.europesays.com\/fr\/138905\/","title":{"rendered":"Un jeune de 23 ans se noie dans un \u00e9tang pr\u00e8s de Rennes"},"content":{"rendered":"<p><strong>Drame &#8211; Dans la soir\u00e9e de jeudi, un jeune homme de 23 ans a perdu la vie apr\u00e8s s\u2019\u00eatre noy\u00e9 dans un \u00e9tang au nord-est de Rennes<\/strong><\/p>\n<p><a href=\"https:\/\/www.20minutes.fr\/faits_divers\/4155400-20250526-nice-deces-homme-noye-plage-promenade-anglais?at_medium=RSS%20feed&amp;at_campaign=ynews&amp;utm_source=yahoo&amp;utm_medium=rss&amp;utm_campaign=news_feed&amp;utm_content=in_article_link\" rel=\"nofollow noopener\" target=\"_blank\" data-ylk=\"slk:Nouveau drame;elm:context_link;itc:0;sec:content-canvas\" class=\"link \">Nouveau drame<\/a> pr\u00e8s d\u2019un cours d\u2019eau. Jeudi, un peu avant 20 heures, la commune de Thorign\u00e9-Fouillard, au nord-est de <a href=\"https:\/\/www.20minutes.fr\/rennes\/?at_medium=RSS%20feed&amp;at_campaign=ynews&amp;utm_source=yahoo&amp;utm_medium=rss&amp;utm_campaign=news_feed&amp;utm_content=in_article_link\" rel=\"nofollow noopener\" target=\"_blank\" data-ylk=\"slk:Rennes;elm:context_link;itc:0;sec:content-canvas\" class=\"link \">Rennes<\/a> en <a href=\"https:\/\/www.20minutes.fr\/dossier\/ille_et_vilaine?at_medium=RSS%20feed&amp;at_campaign=ynews&amp;utm_source=yahoo&amp;utm_medium=rss&amp;utm_campaign=news_feed&amp;utm_content=in_article_link\" rel=\"nofollow noopener\" target=\"_blank\" data-ylk=\"slk:Ille-et-Vilaine;elm:context_link;itc:0;sec:content-canvas\" class=\"link \">Ille-et-Vilaine<\/a>, a \u00e9t\u00e9 le th\u00e9\u00e2tre d\u2019un drame. Un jeune de 23 ans est d\u00e9c\u00e9d\u00e9 apr\u00e8s s\u2019\u00eatre noy\u00e9 dans l\u2019\u00e9tang des No\u00e9s, selon les informations de <a href=\"https:\/\/www.ouest-france.fr\/societe\/faits-divers\/un-jeune-homme-de-23-ans-se-noie-dans-un-etang-en-ille-et-vilaine-3e48cfe2-3cca-11f0-88b0-943c4d024772?at_medium=RSS%20feed&amp;at_campaign=ynews&amp;utm_source=yahoo&amp;utm_medium=rss&amp;utm_campaign=news_feed&amp;utm_content=in_article_link\" rel=\"nofollow noopener\" target=\"_blank\" data-ylk=\"slk:Ouest-France;elm:context_link;itc:0;sec:content-canvas\" class=\"link \">Ouest-France<\/a>.<\/p>\n<p>L\u2019accident s\u2019est produit devant sa famille qui l\u2019a rapidement sortie de l\u2019eau avant de d\u00e9clencher une alerte sur <a href=\"https:\/\/stayingalive.org\/?at_medium=RSS%20feed&amp;at_campaign=ynews&amp;utm_source=yahoo&amp;utm_medium=rss&amp;utm_campaign=news_feed&amp;utm_content=in_article_link\" rel=\"nofollow noopener\" target=\"_blank\" data-ylk=\"slk:Staying Alives;elm:context_link;itc:0;sec:content-canvas\" class=\"link \">Staying Alives<\/a> \u00e0 19h37. Deux personnes ont alors port\u00e9 secours au jeune homme pour lui prodiguer les premiers soins.<\/p>\n<p>En d\u00e9pit des efforts de r\u00e9animation et de l\u2019intervention de trois pompiers ainsi que d\u2019une \u00e9quipe du Smur qui ont pris le relais pour sauver la victime, le jeune homme a h\u00e9las \u00e9t\u00e9 d\u00e9clar\u00e9 mort en fin de soir\u00e9e.<\/p>\n<p><a href=\"https:\/\/www.20minutes.fr\/faits_divers\/faits-divers-rennes\/4156080-20250530-bretagne-jeune-23-ans-noie-etang-pres-rennes?at_medium=RSS%20feed&amp;at_campaign=ynews&amp;utm_source=yahoo&amp;utm_medium=rss&amp;utm_campaign=news_feed&amp;utm_content=read_more_link&quot;\" rel=\"nofollow noopener\" target=\"_blank\" data-ylk=\"slk:Lire la suite sur 20minutes;elm:context_link;itc:0;sec:content-canvas\" class=\"link \">Lire la suite sur 20minutes<\/a><\/p>\n<p>\u00c0 lire aussi :<br \/><a href=\"https:\/\/www.20minutes.fr\/faits_divers\/faits-divers-rennes\/4155729-20250527-rennes-dix-clients-restaurant-hospitalises-dont-trois-grievement-cause-tataki-thon?at_medium=RSS%20feed&amp;at_campaign=ynews&amp;utm_source=yahoo&amp;utm_medium=rss&amp;utm_campaign=news_feed&amp;utm_content=related_content_link\" rel=\"nofollow noopener\" target=\"_blank\" data-ylk=\"slk:Rennes\u00a0: Dix clients d\u2019un restaurant hospitalis\u00e9s, dont trois gri\u00e8vement, \u00e0 cause d\u2019un tataki de thon;elm:context_link;itc:0;sec:content-canvas\" class=\"link \">Rennes\u00a0: Dix clients d\u2019un restaurant hospitalis\u00e9s, dont trois gri\u00e8vement, \u00e0 cause d\u2019un tataki de thon<\/a><br \/><a href=\"https:\/\/www.20minutes.fr\/faits_divers\/faits-divers-rennes\/4155221-20250524-rennes-six-hommes-soupconnes-etre-impliques-fusillades-envoyes-prison?at_medium=RSS%20feed&amp;at_campaign=ynews&amp;utm_source=yahoo&amp;utm_medium=rss&amp;utm_campaign=news_feed&amp;utm_content=related_content_link\" rel=\"nofollow noopener\" target=\"_blank\" data-ylk=\"slk:Rennes\u00a0: Six hommes soup\u00e7onn\u00e9s d\u2019\u00eatre impliqu\u00e9s dans des fusillades envoy\u00e9s en prison;elm:context_link;itc:0;sec:content-canvas\" class=\"link \">Rennes\u00a0: Six hommes soup\u00e7onn\u00e9s d\u2019\u00eatre impliqu\u00e9s dans des fusillades envoy\u00e9s en prison<\/a><\/p>\n","protected":false},"excerpt":{"rendered":"Drame &#8211; Dans la soir\u00e9e de jeudi, un jeune homme de 23 ans a perdu la vie apr\u00e8s&hellip;\n","protected":false},"author":2,"featured_media":138906,"comment_status":"","ping_status":"","sticky":false,"template":"","format":"standard","meta":{"footnotes":""},"categories":[2821],"tags":[1111,11,1764,829,1777,674,1011,27,12,584,25],"class_list":{"0":"post-138905","1":"post","2":"type-post","3":"status-publish","4":"format-standard","5":"has-post-thumbnail","7":"category-rennes","8":"tag-actu","9":"tag-actualites","10":"tag-ans","11":"tag-bretagne","12":"tag-eu","13":"tag-europe","14":"tag-fr","15":"tag-france","16":"tag-news","17":"tag-rennes","18":"tag-republique-francaise"},"share_on_mastodon":{"url":"https:\/\/pubeurope.com\/@fr\/114596087460176441","error":""},"_links":{"self":[{"href":"https:\/\/www.europesays.com\/fr\/wp-json\/wp\/v2\/posts\/138905","targetHints":{"allow":["GET"]}}],"collection":[{"href":"https:\/\/www.europesays.com\/fr\/wp-json\/wp\/v2\/posts"}],"about":[{"href":"https:\/\/www.europesays.com\/fr\/wp-json\/wp\/v2\/types\/post"}],"author":[{"embeddable":true,"href":"https:\/\/www.europesays.com\/fr\/wp-json\/wp\/v2\/users\/2"}],"replies":[{"embeddable":true,"href":"https:\/\/www.europesays.com\/fr\/wp-json\/wp\/v2\/comments?post=138905"}],"version-history":[{"count":0,"href":"https:\/\/www.europesays.com\/fr\/wp-json\/wp\/v2\/posts\/138905\/revisions"}],"wp:featuredmedia":[{"embeddable":true,"href":"https:\/\/www.europesays.com\/fr\/wp-json\/wp\/v2\/media\/138906"}],"wp:attachment":[{"href":"https:\/\/www.europesays.com\/fr\/wp-json\/wp\/v2\/media?parent=138905"}],"wp:term":[{"taxonomy":"category","embeddable":true,"href":"https:\/\/www.europesays.com\/fr\/wp-json\/wp\/v2\/categories?post=138905"},{"taxonomy":"post_tag","embeddable":true,"href":"https:\/\/www.europesays.com\/fr\/wp-json\/wp\/v2\/tags?post=138905"}],"curies":[{"name":"wp","href":"https:\/\/api.w.org\/{rel}","templated":true}]}}