{"id":138910,"date":"2025-05-30T09:34:08","date_gmt":"2025-05-30T09:34:08","guid":{"rendered":"https:\/\/www.europesays.com\/fr\/138910\/"},"modified":"2025-05-30T09:34:08","modified_gmt":"2025-05-30T09:34:08","slug":"face-a-la-cnil-le-maire-de-nice-part-en-guerre-pour-ses-cameras","status":"publish","type":"post","link":"https:\/\/www.europesays.com\/fr\/138910\/","title":{"rendered":"Face \u00e0 la CNIL, le maire de Nice part en guerre pour ses cam\u00e9ras &#8230;"},"content":{"rendered":"<p>La CNIL n&rsquo;appr\u00e9cie pas les cam\u00e9ras algorithmiques de la ville de Nice et aimerait que leur utilisation cesse, mais le maire Christian Estrosi ne l&rsquo;entend pas de cette oreille. Dans un courrier envoy\u00e9 le 20 mai, la Commission Nationale Informatique et Libert\u00e9s a demand\u00e9 \u00e0 la municipalit\u00e9 de mettre fin \u00e0 l&rsquo;exploitation de plusieurs cam\u00e9ras algorithmiques install\u00e9es en 2020 devant les \u00e9coles de la ville.<\/p>\n<p>Ces appareils embarquent un logiciel capable d&rsquo;identifier les v\u00e9hicules qui restent en stationnement devant l&rsquo;entr\u00e9e des \u00e9coles pendant de trop longues p\u00e9riodes. Le logiciel peut ainsi envoyer des alertes aux agents charg\u00e9s de surveiller les flux vid\u00e9os des cam\u00e9ras de la ville, afin de leur permettre d&rsquo;\u00e9valuer si la situation n\u00e9cessite ou non l&rsquo;intervention de la police municipale.<\/p>\n<p> La CNIL met le hol\u00e0 <\/p>\n<p>Malheureusement, ce programme ne rentre pas dans le cadre l\u00e9gal des d\u00e9ploiements autoris\u00e9s pour la vid\u00e9osurveillance algorithmique estime la CNIL, qui demande \u00e0 la ville de cesser l&rsquo;exploitation\u00a0 de ce dispositif, rappelant \u00ab\u00a0la n\u00e9cessit\u00e9 de r\u00e9duire l\u2019analyse des personnes sur la voie publique au strict minimum\u00a0\u00bb <a href=\"https:\/\/www.20minutes.fr\/societe\/4155982-20250529-nice-estrosi-colere-contre-cnil-videosurveillance-algorithmique\" target=\"_blank\" rel=\"noopener\">comme le rapporte 20 minutes.<\/a><\/p>\n<p>Mais la position de la CNIL fait face \u00e0 l&rsquo;opposition du maire de la ville Christian Estrosi, qui a fait savoir son intention de d\u00e9fendre ses cam\u00e9ras. Il a ainsi fait part de son intention de saisir le conseil d\u2019\u00c9tat et de lancer une p\u00e9tition, tout en invitant le gouvernement \u00e0 faire \u00e9voluer le cadre l\u00e9gal en vigueur.<\/p>\n<p>\u00ab\u00a0Il est inadmissible qu\u2019une autorit\u00e9 qui s\u2019appuie sur une loi poussi\u00e9reuse de 1978 d\u00e9cide d\u00e9lib\u00e9r\u00e9ment de mettre en danger la s\u00e9curit\u00e9 des enfants de notre ville\u00a0\u00bb d\u00e9plore le maire de Nice, faisant r\u00e9f\u00e9rence \u00e0 la loi informatique et libert\u00e9s de 1978, qui a pos\u00e9 les bases du cadre l\u00e9gal en mati\u00e8re de donn\u00e9es personnelles en France et permis la cr\u00e9ation de la CNIL pour contr\u00f4ler son application. Christian Estrosi esp\u00e8re pouvoir r\u00e9activer ce dispositif de cam\u00e9ras augment\u00e9s \u00e0 partir du mois de septembre et rappelle que celui-ci ne proc\u00e9dait ni \u00e0 l&rsquo;analyse des plaques d&rsquo;immatriculation des voitures, ni \u00e0 l&rsquo;analyse des personnes \u00e0 l&rsquo;image.<\/p>\n<p> Usual suspect <\/p>\n<p>Le cadre r\u00e9glementaire de la vid\u00e9osurveillance algorithmique est un sujet mouvant. Le<a href=\"https:\/\/www.zdnet.fr\/non-classe\/videosurveillance-algorithmique-premieres-experimentations-et-premieres-critiques-391445.htm\" target=\"_blank\" rel=\"noopener\"> parlement a autoris\u00e9 \u00e0 l&rsquo;occasion des jeux olympiques une premi\u00e8re exp\u00e9rimentation<\/a> limit\u00e9e \u00e0 quelques cas d&rsquo;usage pr\u00e9cis, et autorise au compte goutte les d\u00e9ploiements de ces technologies. Cette p\u00e9riode d&rsquo;exp\u00e9rimentation a r\u00e9cemment \u00e9t\u00e9 <a href=\"https:\/\/www.lemonde.fr\/pixels\/article\/2025\/03\/07\/le-prolongement-jusqu-en-2027-de-l-experimentation-de-videosurveillance-algorithmique-valide-en-commission_6577014_4408996.html\" target=\"_blank\" rel=\"noopener\">prolong\u00e9e jusqu&rsquo;en 2027<\/a>.<\/p>\n<p>En parall\u00e8le la CNIL pr\u00e9cise les conditions de d\u00e9ploiement de ces dispositifs dans certains cas d&rsquo;usage pr\u00e9cis, comme par exemple pour les <a href=\"https:\/\/www.zdnet.fr\/actualites\/des-supermarches-veulent-leurs-cameras-ia-aux-caisses-automatiques-474781.htm\" target=\"_blank\" rel=\"noopener\">caisses automatiques des supermarch\u00e9s,<\/a> en veillant \u00e0 assurer le respect du cadre l\u00e9gal pr\u00e9existant en mati\u00e8re de donn\u00e9es personnelles notamment.<\/p>\n<p>Mais entre Nice et la CNIL, les relations n&rsquo;ont jamais \u00e9t\u00e9 au beau fixe : la ville du sud de la France est depuis plusieurs ann\u00e9es l&rsquo;une des municipalit\u00e9s les plus actives en mati\u00e8re de vid\u00e9osurveillance, avec 4500 cam\u00e9ras d\u00e9ploy\u00e9es sur l&rsquo;agglom\u00e9ration. Et outre le d\u00e9ploiement de nouvelles cam\u00e9ras, la ville exp\u00e9rimente volontiers de nouvelles technologies en la mati\u00e8re : la ville avait ainsi \u00e9t\u00e9 <a href=\"https:\/\/www.zdnet.fr\/actualites\/nice-va-tester-la-reconnaissance-faciale-la-cnil-grince-des-dents-39880863.htm\" target=\"_blank\" rel=\"noopener\">l&rsquo;une des premi\u00e8res \u00e0 tester en 2019 un dispositif de reconnaissance faciale sur la voie publique<\/a>, un test autoris\u00e9 par la Commission malgr\u00e9 ses r\u00e9serves \u00e0 l&rsquo;\u00e9gard du projet. La CNIL avait en revanche retoqu\u00e9 en 2018 <a href=\"https:\/\/www.lagazettedescommunes.com\/556301\/reporty-la-cnil-blame-le-dispositif-securitaire-deploye-a-nice\/\" target=\"_blank\" rel=\"noopener\">une autre exp\u00e9rimentation de la ville<\/a> permettant aux citoyens de signaler des incidents en les filmant avec leurs smartphones.<\/p>\n","protected":false},"excerpt":{"rendered":"La CNIL n&rsquo;appr\u00e9cie pas les cam\u00e9ras algorithmiques de la ville de Nice et aimerait que leur utilisation cesse,&hellip;\n","protected":false},"author":2,"featured_media":138911,"comment_status":"","ping_status":"","sticky":false,"template":"","format":"standard","meta":{"footnotes":""},"categories":[2819],"tags":[1111,11,26528,1777,674,1011,27,9234,12,2401,882,8088,25,717,7939],"class_list":{"0":"post-138910","1":"post","2":"type-post","3":"status-publish","4":"format-standard","5":"has-post-thumbnail","7":"category-nice","8":"tag-actu","9":"tag-actualites","10":"tag-donnees-privees","11":"tag-eu","12":"tag-europe","13":"tag-fr","14":"tag-france","15":"tag-juridique","16":"tag-news","17":"tag-nice","18":"tag-provence-alpes-cote-dazur","19":"tag-reglementation","20":"tag-republique-francaise","21":"tag-technologie","22":"tag-videosurveillance"},"share_on_mastodon":{"url":"https:\/\/pubeurope.com\/@fr\/114596103066048286","error":""},"_links":{"self":[{"href":"https:\/\/www.europesays.com\/fr\/wp-json\/wp\/v2\/posts\/138910","targetHints":{"allow":["GET"]}}],"collection":[{"href":"https:\/\/www.europesays.com\/fr\/wp-json\/wp\/v2\/posts"}],"about":[{"href":"https:\/\/www.europesays.com\/fr\/wp-json\/wp\/v2\/types\/post"}],"author":[{"embeddable":true,"href":"https:\/\/www.europesays.com\/fr\/wp-json\/wp\/v2\/users\/2"}],"replies":[{"embeddable":true,"href":"https:\/\/www.europesays.com\/fr\/wp-json\/wp\/v2\/comments?post=138910"}],"version-history":[{"count":0,"href":"https:\/\/www.europesays.com\/fr\/wp-json\/wp\/v2\/posts\/138910\/revisions"}],"wp:featuredmedia":[{"embeddable":true,"href":"https:\/\/www.europesays.com\/fr\/wp-json\/wp\/v2\/media\/138911"}],"wp:attachment":[{"href":"https:\/\/www.europesays.com\/fr\/wp-json\/wp\/v2\/media?parent=138910"}],"wp:term":[{"taxonomy":"category","embeddable":true,"href":"https:\/\/www.europesays.com\/fr\/wp-json\/wp\/v2\/categories?post=138910"},{"taxonomy":"post_tag","embeddable":true,"href":"https:\/\/www.europesays.com\/fr\/wp-json\/wp\/v2\/tags?post=138910"}],"curies":[{"name":"wp","href":"https:\/\/api.w.org\/{rel}","templated":true}]}}