{"id":138912,"date":"2025-05-30T09:35:26","date_gmt":"2025-05-30T09:35:26","guid":{"rendered":"https:\/\/www.europesays.com\/fr\/138912\/"},"modified":"2025-05-30T09:35:26","modified_gmt":"2025-05-30T09:35:26","slug":"a-nantes-la-cooperation-internationale-passe-aussi-par-les-dechets","status":"publish","type":"post","link":"https:\/\/www.europesays.com\/fr\/138912\/","title":{"rendered":"\u00c0 Nantes, la coop\u00e9ration internationale passe aussi par les d\u00e9chets"},"content":{"rendered":"<p>Pour sa derni\u00e8re s\u00e9ance de la saison 2024-2025, le Caf\u00e9 citoyen chapelain propose une soir\u00e9e d\u00e9bat consacr\u00e9e \u00e0 un exemple de <a href=\"https:\/\/nantes.maville.com\/info\/info-locale\/entre-nantes-et-le-cameroun-une-histoire-qui-dure-4288095\" target=\"_blank\" rel=\"noopener\">coop\u00e9ration d\u00e9centralis\u00e9e entre les villes de Dschang, au Cameroun, et Nantes M\u00e9tropole<\/a>. \u00a0Apr\u00e8s la diffusion d\u2019un film d\u2019une quarantaine de minutes, nous aurons l\u2019occasion d\u2019\u00e9changer sur le contenu de ce partenariat avec nos invit\u00e9s, en particulier deux repr\u00e9sentants de Dschang\u00a0\u00bb, souligne Philippe Jaunet, responsable de l\u2019association.<\/p>\n<p>Il s\u2019agit d\u2019\u00c9mile Temgoua, premier adjoint au maire et enseignant chercheur \u00e0 la facult\u00e9 d\u2019agronomie et de sciences agricoles (FASA) de l\u2019universit\u00e9 de Dschang, et de Denis Lekemo, doctorant \u00e0 la Fasa. Ils seront accompagn\u00e9s de Pascal Reti\u00e8re, charg\u00e9 de mission \u00e0 l\u2019international de la soci\u00e9t\u00e9 coop\u00e9rative d\u2019int\u00e9r\u00eat collectif nantaise Terra Compost, connu pour avoir initi\u00e9 \u00e0 la mise en place de composteurs collectifs dans la commune.<\/p>\n<p><strong>Pour un partenariat \u00e9coresponsable<\/strong><\/p>\n<p>La coop\u00e9ration lanc\u00e9e en 1992 entre Dschang et Nantes s\u2019est concr\u00e9tis\u00e9e par d\u2019importantes r\u00e9alisations dans diff\u00e9rents domaines. Elle vise \u00e0 r\u00e9pondre aux\u00a0d\u00e9fis de notre temps, notamment ceux li\u00e9s \u00e0 la transition \u00e9cologique, \u00e0 la gouvernance locale et\u00a0au d\u00e9veloppement durable.<\/p>\n<p>Parmi ceux-ci, la gestion des d\u00e9chets, avec la mise en place de services de compostage des d\u00e9chets m\u00e9nagers, a contribu\u00e9 \u00e0 l\u2019am\u00e9lioration de l\u2019hygi\u00e8ne publique et au d\u00e9veloppement de l\u2019agriculture biologique locale.\u00a0Depuis 2017, la collaboration a \u00e9galement permis une mutualisation des comp\u00e9tences, en\u00a0favorisant les \u00e9changes d\u2019exp\u00e9riences entre les administrations, les experts techniques, les \u00e9lus et les\u00a0citoyens des deux territoires.<\/p>\n<p>Lire aussi\u00a0: <a href=\"https:\/\/nantes.maville.com\/actu\/actudet_-douze-jeunes-nantais-partent-au-cameroun-pour-des-actions-autour-du-tri-des-dechets-_52716-5834188_actu.Htm\" target=\"_blank\" rel=\"noopener\">Douze jeunes nantais partent au Cameroun, pour des actions autour du tri des d\u00e9chets<\/a><\/p>\n<p>R\u00e9cemment, cette coop\u00e9ration a trouv\u00e9 un prolongement avec la signature d\u2019une convention Collectivit\u00e9s universit\u00e9s, portant notamment sur la recherche de substances toxiques (m\u00e9taux lourds) dans les composts. Il s\u2019agit d\u2019\u00e9viter qu\u2019ils s\u2019infiltrent dans les sols et les nappes phr\u00e9atiques et compromettent la qualit\u00e9 de l\u2019eau potable et la fertilit\u00e9 des sols. La convention permet d\u2019approfondir les liens entre les institutions acad\u00e9miques et les collectivit\u00e9s locales, ouvrant\u00a0de nouvelles perspectives pour les deux villes.<\/p>\n<p><strong>Mercredi 4\u00a0juin,<\/strong> \u00e0 20\u00a0h\u00a030, salle Barbara, 5, boulevard Jacques-Demy (Gesvrine), entr\u00e9e libre.<\/p>\n<p>\u00a0<\/p>\n","protected":false},"excerpt":{"rendered":"Pour sa derni\u00e8re s\u00e9ance de la saison 2024-2025, le Caf\u00e9 citoyen chapelain propose une soir\u00e9e d\u00e9bat consacr\u00e9e \u00e0&hellip;\n","protected":false},"author":2,"featured_media":138913,"comment_status":"","ping_status":"","sticky":false,"template":"","format":"standard","meta":{"footnotes":""},"categories":[2818],"tags":[1111,11,10463,3008,1777,674,1011,27,26529,766,12,5242,2636,25,3272],"class_list":{"0":"post-138912","1":"post","2":"type-post","3":"status-publish","4":"format-standard","5":"has-post-thumbnail","7":"category-nantes","8":"tag-actu","9":"tag-actualites","10":"tag-cooperation","11":"tag-dechets","12":"tag-eu","13":"tag-europe","14":"tag-fr","15":"tag-france","16":"tag-internationale","17":"tag-nantes","18":"tag-news","19":"tag-passe","20":"tag-pays-de-la-loire","21":"tag-republique-francaise","22":"tag-saint-nazaire"},"share_on_mastodon":{"url":"https:\/\/pubeurope.com\/@fr\/114596106971710206","error":""},"_links":{"self":[{"href":"https:\/\/www.europesays.com\/fr\/wp-json\/wp\/v2\/posts\/138912","targetHints":{"allow":["GET"]}}],"collection":[{"href":"https:\/\/www.europesays.com\/fr\/wp-json\/wp\/v2\/posts"}],"about":[{"href":"https:\/\/www.europesays.com\/fr\/wp-json\/wp\/v2\/types\/post"}],"author":[{"embeddable":true,"href":"https:\/\/www.europesays.com\/fr\/wp-json\/wp\/v2\/users\/2"}],"replies":[{"embeddable":true,"href":"https:\/\/www.europesays.com\/fr\/wp-json\/wp\/v2\/comments?post=138912"}],"version-history":[{"count":0,"href":"https:\/\/www.europesays.com\/fr\/wp-json\/wp\/v2\/posts\/138912\/revisions"}],"wp:featuredmedia":[{"embeddable":true,"href":"https:\/\/www.europesays.com\/fr\/wp-json\/wp\/v2\/media\/138913"}],"wp:attachment":[{"href":"https:\/\/www.europesays.com\/fr\/wp-json\/wp\/v2\/media?parent=138912"}],"wp:term":[{"taxonomy":"category","embeddable":true,"href":"https:\/\/www.europesays.com\/fr\/wp-json\/wp\/v2\/categories?post=138912"},{"taxonomy":"post_tag","embeddable":true,"href":"https:\/\/www.europesays.com\/fr\/wp-json\/wp\/v2\/tags?post=138912"}],"curies":[{"name":"wp","href":"https:\/\/api.w.org\/{rel}","templated":true}]}}