{"id":138916,"date":"2025-05-30T09:37:13","date_gmt":"2025-05-30T09:37:13","guid":{"rendered":"https:\/\/www.europesays.com\/fr\/138916\/"},"modified":"2025-05-30T09:37:13","modified_gmt":"2025-05-30T09:37:13","slug":"voici-quand-ils-pourraient-tomber-dapres-meteo-france","status":"publish","type":"post","link":"https:\/\/www.europesays.com\/fr\/138916\/","title":{"rendered":"voici quand ils pourraient tomber d&rsquo;apr\u00e8s M\u00e9t\u00e9o France"},"content":{"rendered":"<p>            Par<br \/>\n        <strong><br \/>\n            <a href=\"https:\/\/actu.fr\/auteur\/redaction-bordeaux\" title=\"Consulter tous les articles de R\u00e9daction Bordeaux\" target=\"_blank\" rel=\"noopener\">R\u00e9daction Bordeaux<\/a><br \/>\n        <\/strong><\/p>\n<p>        Publi\u00e9 le<\/p>\n<p>            30 mai 2025 \u00e0 10h36        <\/p>\n<p>On attend <strong>35 degr\u00e9s<\/strong> ce vendredi 30 mai 2025 <a href=\"https:\/\/actu.fr\/nouvelle-aquitaine\/bordeaux_33063\/meteo-en-gironde-une-chaleur-largement-au-dessus-des-normales-attendue-pour-le-week-end-de-l-ascension_62689869.html\" target=\"_blank\" rel=\"noopener\">\u00e0 Bordeaux,<\/a> mais apr\u00e8s <a href=\"https:\/\/actu.fr\/nouvelle-aquitaine\/bordeaux_33063\/meteo-en-gironde-une-chaleur-largement-au-dessus-des-normales-attendue-pour-le-week-end-de-l-ascension_62689869.html\" target=\"_blank\" rel=\"noopener\">ce pic de chaleur,<\/a> des orages pourraient venir \u00e9clater dans le ciel.\u00a0<a href=\"https:\/\/actu.fr\/tag\/meteo-france\" target=\"_blank\" rel=\"noopener\">M\u00e9t\u00e9o France<\/a> a <strong>plac\u00e9 la Gironde en vigilance<\/strong> jaune pour risques d\u2019orages ce vendredi.<\/p>\n<p class=\" wall-content\">\u00ab Les orages seront localis\u00e9s au niveau des Pyr\u00e9n\u00e9es, <strong>c\u00f4t\u00e9 Atlantique \u00bb,<\/strong> indique<a href=\"https:\/\/actu.fr\/meteo\/des-orages-violents-des-ce-vendredi-en-france-plusieurs-departements-en-vigilance-voici-ou-ils-vont-frapper_62704928.html\" target=\"_blank\" rel=\"noopener\"> \u00e0 actu.fr le m\u00e9t\u00e9orologue Yann Amice,<\/a> fondateur du site Weather &amp; Co. Ils pourraient <strong>remonter vers la Gironde,<\/strong> pouss\u00e9s par la galerne, ce vent qui souffle dans le golfe de Gascogne.<\/p>\n<p>Quand pourraient-ils \u00e9clater ?\u00a0<\/p>\n<p class=\" wall-content\">L\u2019alerte de M\u00e9t\u00e9o France est valable\u00a0<strong>\u00e0 partir de 18h<\/strong>\u00a0et jusqu\u2019\u00e0 4 heures du matin samedi en Gironde. Et d\u2019apr\u00e8s les mod\u00e9lisations des m\u00e9t\u00e9orologues, tout le d\u00e9partement est susceptible d\u2019\u00eatre touch\u00e9.<\/p>\n<p>    <img   decoding=\"async\" loading=\"lazy\" src=\"https:\/\/www.europesays.com\/fr\/wp-content\/uploads\/2025\/05\/alerte-meteo-orages-gironde-30-mai-960x640.jpg\" alt=\"M\u00e9t\u00e9o France alerte sur un risque d'orages partout en Gironde ce vendredi 30 mai 2025. \" width=\"960\" height=\"640\"\/><br \/>\n    M\u00e9t\u00e9o France alerte sur un risque d\u2019orages partout en Gironde ce vendredi 30 mai 2025. (\u00a9capture d\u2019\u00e9cran M\u00e9t\u00e9o France)<\/p>\n<p class=\" wall-content\">Apr\u00e8s les <strong>records de chaleur<\/strong> attendus ce vendredi, la temp\u00e9rature redescendra de presque une dizaine de degr\u00e9s samedi. Elle restera chaude, aux alentours de 26.<\/p>\n<p>Vid\u00e9os : en ce moment sur Actu<\/p>\n<p class=\" wall-content\"><strong>En fin de week-end,<\/strong> le risque d\u2019orages se dessine \u00e0 nouveau. Les premiers devraient \u00e9clater dans la nuit de dimanche et se poursuivre lundi, notamment en soir\u00e9e.\u00a0<\/p>\n<p class=\" wall-content\">Suivez toute l\u2019actualit\u00e9 de vos villes et m\u00e9dias favoris en vous inscrivant \u00e0 <a href=\"https:\/\/moncompte.actu.fr\" title=\"D\u00e9couvez Mon Actu\" rel=\"nofollow noopener\" data-trk=\"{&quot;cta&quot;:{&quot;action&quot;:&quot;https:\\\/\\\/moncompte.actu.fr&quot;,&quot;category&quot;:&quot;mon compte&quot;,&quot;from&quot;:&quot;article footer&quot;,&quot;name&quot;:&quot;Mon actu&quot;,&quot;type&quot;:&quot;cta&quot;}}\" target=\"_blank\">Mon Actu<\/a>.<\/p>\n","protected":false},"excerpt":{"rendered":"Par R\u00e9daction Bordeaux Publi\u00e9 le 30 mai 2025 \u00e0 10h36 On attend 35 degr\u00e9s ce vendredi 30 mai&hellip;\n","protected":false},"author":2,"featured_media":138917,"comment_status":"","ping_status":"","sticky":false,"template":"","format":"standard","meta":{"footnotes":""},"categories":[2817],"tags":[1111,11,1997,1777,674,1011,27,2487,2357,12,2219,4594,25],"class_list":{"0":"post-138916","1":"post","2":"type-post","3":"status-publish","4":"format-standard","5":"has-post-thumbnail","7":"category-bordeaux","8":"tag-actu","9":"tag-actualites","10":"tag-bordeaux","11":"tag-eu","12":"tag-europe","13":"tag-fr","14":"tag-france","15":"tag-meteo","16":"tag-meteo-france","17":"tag-news","18":"tag-nouvelle-aquitaine","19":"tag-orages","20":"tag-republique-francaise"},"share_on_mastodon":{"url":"https:\/\/pubeurope.com\/@fr\/114596114898229895","error":""},"_links":{"self":[{"href":"https:\/\/www.europesays.com\/fr\/wp-json\/wp\/v2\/posts\/138916","targetHints":{"allow":["GET"]}}],"collection":[{"href":"https:\/\/www.europesays.com\/fr\/wp-json\/wp\/v2\/posts"}],"about":[{"href":"https:\/\/www.europesays.com\/fr\/wp-json\/wp\/v2\/types\/post"}],"author":[{"embeddable":true,"href":"https:\/\/www.europesays.com\/fr\/wp-json\/wp\/v2\/users\/2"}],"replies":[{"embeddable":true,"href":"https:\/\/www.europesays.com\/fr\/wp-json\/wp\/v2\/comments?post=138916"}],"version-history":[{"count":0,"href":"https:\/\/www.europesays.com\/fr\/wp-json\/wp\/v2\/posts\/138916\/revisions"}],"wp:featuredmedia":[{"embeddable":true,"href":"https:\/\/www.europesays.com\/fr\/wp-json\/wp\/v2\/media\/138917"}],"wp:attachment":[{"href":"https:\/\/www.europesays.com\/fr\/wp-json\/wp\/v2\/media?parent=138916"}],"wp:term":[{"taxonomy":"category","embeddable":true,"href":"https:\/\/www.europesays.com\/fr\/wp-json\/wp\/v2\/categories?post=138916"},{"taxonomy":"post_tag","embeddable":true,"href":"https:\/\/www.europesays.com\/fr\/wp-json\/wp\/v2\/tags?post=138916"}],"curies":[{"name":"wp","href":"https:\/\/api.w.org\/{rel}","templated":true}]}}