{"id":138931,"date":"2025-05-30T09:45:16","date_gmt":"2025-05-30T09:45:16","guid":{"rendered":"https:\/\/www.europesays.com\/fr\/138931\/"},"modified":"2025-05-30T09:45:16","modified_gmt":"2025-05-30T09:45:16","slug":"toute-lactualite-de-ce-vendredi-30-mai-2025-a-lyon","status":"publish","type":"post","link":"https:\/\/www.europesays.com\/fr\/138931\/","title":{"rendered":"Toute l&rsquo;actualit\u00e9 de ce vendredi 30 mai 2025 \u00e0 Lyon"},"content":{"rendered":"<p>A la une de l\u2019info \u00e0 Lyon : la nouvelle Voie Lyonnaise VL9 entre Villeurbanne et le Grand Parc de Miribel-Jonage. L\u2019ancienne clinique Emilie de Vialar devient un tiers-lieu d\u2019urnanisme transitoire : le P\u00f4le Bert\u2026<\/p>\n<p>ECOUTEZ LE 1\/4H LYONNAIS\u2026 Toute l\u2019actualit\u00e9 de ce vendredi 30 mai 2025<\/p>\n<p>LE 1\/4H LYONNAIS | vendredi 30 mai 2025<\/p>\n<p>La <strong><a href=\"https:\/\/avelo.grandlyon.com\/se-deplacer-a-velo\/les-voies-lyonnaises\" target=\"_blank\" rel=\"noreferrer noopener nofollow\">M\u00e9tropole de Lyon<\/a><\/strong> a ouvert un nouveau tron\u00e7on de 17 kilom\u00e8tres de <strong>Voies Lyonnaises<\/strong>. La<strong> VL 9<\/strong> relie les <strong>Puces du Canal<\/strong> \u00e0 <strong>Villeurbanne<\/strong> au <strong><a href=\"https:\/\/www.grand-parc.fr\/\" target=\"_blank\" rel=\"noreferrer noopener nofollow\">Grand Parc de Miribel-Jonage<\/a><\/strong>.\u00a0Ecoutez le reportage de <strong>Lilou Combette<\/strong><\/p>\n<p>Nos invit\u00e9s : <strong>Mathieu Pandrot<\/strong>, chef de projet \u00e0 la <strong>M\u00e9tropole de Lyon<\/strong>, et <strong>Mathieu Vieira<\/strong>, conseiller m\u00e9tropolitain et vice-pr\u00e9sident du <strong>Grand Parc de Miribel-Jonage<\/strong> en charge de l\u2019accessibilit\u00e9 et des mobilit\u00e9s<\/p>\n<blockquote class=\"twitter-tweet\" data-media-max-width=\"560\">\n<p lang=\"fr\" dir=\"ltr\">\ud83c\udf3f Mettre le parc de Miribel \u00e0 moins de 30 min \u00e0 v\u00e9lo : c\u2019est d\u00e9sormais possible gr\u00e2ce aux 17 km inaugur\u00e9s sur la Voie lyonnaise n\u00b09. <\/p>\n<p>D\u00e9j\u00e0 plus de 100 km de voies v\u00e9los s\u00e9curis\u00e9es r\u00e9alis\u00e9s. <\/p>\n<p>Fiert\u00e9 d&rsquo;avoir pu finaliser ce tron\u00e7on avant le d\u00e9but de l&rsquo;\u00e9t\u00e9 pour qu&rsquo;un maximum de\u2026 <a href=\"https:\/\/t.co\/FwiJbFvUby\" rel=\"nofollow\">pic.twitter.com\/FwiJbFvUby<\/a><\/p>\n<p>\u2014 Bruno Bernard (@brunobernard_fr) <a href=\"https:\/\/twitter.com\/brunobernard_fr\/status\/1924721951181807854?ref_src=twsrc%5Etfw\" rel=\"nofollow noopener\" target=\"_blank\">May 20, 2025<\/a><\/p><\/blockquote>\n<p>Egalement dans l\u2019actualit\u00e9 de ce vendredi 30 mai<\/p>\n<p>La <strong>clinique Emilie de Vialar<\/strong> devient\u2026. un <strong>tiers-lieu<\/strong> : <strong>le P\u00f4le Bert<\/strong>. Avant de voir se construire un nouveau quartier, les anciens b\u00e2timents sont transform\u00e9s en un v\u00e9ritable <strong>p\u00f4le d\u2019activit\u00e9s<\/strong> sous la houlette de <strong>Lyon M\u00e9tropole Habitat<\/strong>. Un lieu d\u2019<strong>urbanisme transitoire<\/strong> d\u00e9di\u00e9 \u00e0 la <strong>sant\u00e9<\/strong>, la <strong>solidarit\u00e9<\/strong> et l\u2019<strong>alimentation<\/strong> et confi\u00e9 \u00e0 un acteur r\u00e9put\u00e9 : <strong>Ma friche Urbaine<\/strong><\/p>\n<p>Nos invit\u00e9s : <strong>Nathalie Feltmann<\/strong>, codirigeante de <strong>Ma Friche Urbaine<\/strong>, <strong>Julie Chef<\/strong>, directrice m\u00e9dico-sociale de la <strong>Fondation Dispensaire G\u00e9n\u00e9ral de Lyon<\/strong>. <strong>Mich\u00e8le Poulenard<\/strong>, directrice de <strong>Passerelle<\/strong>, et <strong>Vincent Jacobzone<\/strong>, fondateur de \u00ab\u00a0<strong>Le Carrosse de Vincent<\/strong>\u00ab\u00a0<\/p>\n<blockquote class=\"instagram-media\" data-instgrm-captioned=\"\" data-instgrm-permalink=\"https:\/\/www.instagram.com\/reel\/DJWnzYRNoFm\/?utm_source=ig_embed&amp;utm_campaign=loading\" data-instgrm-version=\"14\" style=\" background:#FFF; border:0; border-radius:3px; box-shadow:0 0 1px 0 rgba(0,0,0,0.5),0 1px 10px 0 rgba(0,0,0,0.15); margin: 1px; max-width:540px; min-width:326px; padding:0; width:99.375%; width:-webkit-calc(100% - 2px); width:calc(100% - 2px);\"\/>\n<p>Ecoutez aussi : <a href=\"https:\/\/www.lyondemain.fr\/le-bob-entre-reinvention-urbaine-et-innovation-sociale\/\" target=\"_blank\" rel=\"noreferrer noopener nofollow\">Le BOB : entre r\u00e9invention urbaine et innovation sociale<\/a><\/p>\n<p>Dans cette \u00e9dition, focus sur la voie lyonnaise 9, direction le Grand Parc<\/p>\n<p>Sur une distance de 17 kilom\u00e8tres, la <strong>Voie Lyonnaise 9<\/strong> am\u00e9liore l<strong>\u2019acc\u00e8s \u00e0 v\u00e9lo au Grand Parc<\/strong> avec un trajet d\u00e9sormais plus agr\u00e9able et plus <strong>s\u00e9curis\u00e9<\/strong>.<\/p>\n<p>Ecoutez aussi : <a href=\"https:\/\/www.lyondemain.fr\/vl2-voie-lyonnaise-villeurbanne\/\" target=\"_blank\" rel=\"noreferrer noopener nofollow\">VL2 (Voie Lyonnaise) : une nouvelle entr\u00e9e pour Villeurbanne<\/a><\/p>\n<p>Visite du nouveau lieu d\u2019urbanisme transitoire : le P\u00f4le Bert<\/p>\n<p>Une vingtaine d\u2019acteurs de la <strong>sant\u00e9<\/strong> (<strong>Fondation dispensaire g\u00e9n\u00e9rale de Lyon<\/strong>, infirmiers \u00e0 domicile\u2026) s\u2019installent au coeur du <strong>P\u00f4le Bert<\/strong>.. Tout comme des structures du domaine de la <strong>solidarit\u00e9<\/strong> (soutien aux personnes en situation de <strong>grande exclusion<\/strong>, <strong>insertion professionnelle<\/strong> des personnes d\u2019origine \u00e9trang\u00e8res, <strong>accompagnement administratif et num\u00e9rique<\/strong>). Dernier secteur : l\u2019<strong>alimentation<\/strong> (service traiteur d\u00e9di\u00e9 \u00e0 l\u2019<strong>insertion professionnelle des femmes<\/strong>).<\/p>\n<p>Parmi eux, figurent <strong>Le Carrosse de Vincent<\/strong> ou <strong>Passerelle<\/strong>\u2026<\/p>\n<p>Ecoutez aussi : <a href=\"https:\/\/www.lyondemain.fr\/actualite-de-ce-jeudi-29-mai-lyon-info-mjc-monplaisir\/\" target=\"_blank\" rel=\"noreferrer noopener nofollow\">Toute l\u2019actualit\u00e9 de ce jeudi 29 mai 2025 \u00e0 Lyon<\/a><\/p>\n<p><img fetchpriority=\"high\" decoding=\"async\" width=\"1200\" height=\"675\" src=\"https:\/\/www.europesays.com\/fr\/wp-content\/uploads\/2025\/05\/actualite-de-ce-vendredi-30-mai-2025.jpg\" alt=\"actualit\u00e9 de ce vendredi 30 mai 2025 info \u00e0 Lyon\" class=\"wp-image-249693\"  \/>Retrouvez aussi le Quart d\u2019Heure Lyonnais de Lyon Demain sur les antennes de Radio Pluriel (Lyon). Radio Salam (Lyon, Saint-Etienne et Bourg) et Radio Arm\u00e9nie (Lyon et Vienne)<br \/>\nJ\u2019aime \u00e7a\u00a0:<\/p>\n<p>J\u2019aime chargement\u2026<\/p>\n<p><a class=\"sd-link-color\"\/><\/p>\n<p>\n\tArticles similaires\n<\/p>\n<p>\t\t\t\t<img decoding=\"async\" src=\"https:\/\/www.europesays.com\/fr\/wp-content\/uploads\/2025\/05\/1748598316_628_7866158698e17e8ed633c05e8f8e7fe5d9e057ad78661c4dc34e413abb6b9f19\" alt=\"G\u00e9rald Bouchon\"\/><\/p>\n<p>Pionnier des radios libres, passionn\u00e9 de radio, journaliste et dirigeant de m\u00e9dias \u00e9co-responsables..<\/p>\n<p>\t\t\t<script async src=\"https:\/\/platform.twitter.com\/widgets.js\" charset=\"utf-8\"><\/script><script async src=\"\/\/www.instagram.com\/embed.js\"><\/script><\/p>\n","protected":false},"excerpt":{"rendered":"A la une de l\u2019info \u00e0 Lyon : la nouvelle Voie Lyonnaise VL9 entre Villeurbanne et le Grand&hellip;\n","protected":false},"author":2,"featured_media":138932,"comment_status":"","ping_status":"","sticky":false,"template":"","format":"standard","meta":{"footnotes":""},"categories":[1889],"tags":[1111,11,2430,3562,1777,674,1011,27,26532,2428,23006,12,19523,20329,25,19525,208,26533,23308],"class_list":{"0":"post-138931","1":"post","2":"type-post","3":"status-publish","4":"format-standard","5":"has-post-thumbnail","7":"category-lyon","8":"tag-actu","9":"tag-actualites","10":"tag-auvergne-rhone-alpes","11":"tag-clinique","12":"tag-eu","13":"tag-europe","14":"tag-fr","15":"tag-france","16":"tag-grand-parc","17":"tag-lyon","18":"tag-miribel-jonage","19":"tag-news","20":"tag-occupation-temporaire","21":"tag-pole-bert","22":"tag-republique-francaise","23":"tag-urbanisme-transitoire","24":"tag-velo","25":"tag-vl-9","26":"tag-voies-lyonnaises"},"share_on_mastodon":{"url":"https:\/\/pubeurope.com\/@fr\/114596146476102537","error":""},"_links":{"self":[{"href":"https:\/\/www.europesays.com\/fr\/wp-json\/wp\/v2\/posts\/138931","targetHints":{"allow":["GET"]}}],"collection":[{"href":"https:\/\/www.europesays.com\/fr\/wp-json\/wp\/v2\/posts"}],"about":[{"href":"https:\/\/www.europesays.com\/fr\/wp-json\/wp\/v2\/types\/post"}],"author":[{"embeddable":true,"href":"https:\/\/www.europesays.com\/fr\/wp-json\/wp\/v2\/users\/2"}],"replies":[{"embeddable":true,"href":"https:\/\/www.europesays.com\/fr\/wp-json\/wp\/v2\/comments?post=138931"}],"version-history":[{"count":0,"href":"https:\/\/www.europesays.com\/fr\/wp-json\/wp\/v2\/posts\/138931\/revisions"}],"wp:featuredmedia":[{"embeddable":true,"href":"https:\/\/www.europesays.com\/fr\/wp-json\/wp\/v2\/media\/138932"}],"wp:attachment":[{"href":"https:\/\/www.europesays.com\/fr\/wp-json\/wp\/v2\/media?parent=138931"}],"wp:term":[{"taxonomy":"category","embeddable":true,"href":"https:\/\/www.europesays.com\/fr\/wp-json\/wp\/v2\/categories?post=138931"},{"taxonomy":"post_tag","embeddable":true,"href":"https:\/\/www.europesays.com\/fr\/wp-json\/wp\/v2\/tags?post=138931"}],"curies":[{"name":"wp","href":"https:\/\/api.w.org\/{rel}","templated":true}]}}