{"id":138939,"date":"2025-05-30T09:49:08","date_gmt":"2025-05-30T09:49:08","guid":{"rendered":"https:\/\/www.europesays.com\/fr\/138939\/"},"modified":"2025-05-30T09:49:08","modified_gmt":"2025-05-30T09:49:08","slug":"le-rer-c-momentanement-interrompu-a-paris-en-raison-des-fortes-chaleurs","status":"publish","type":"post","link":"https:\/\/www.europesays.com\/fr\/138939\/","title":{"rendered":"le RER C momentan\u00e9ment interrompu \u00e0 Paris en raison des fortes chaleurs"},"content":{"rendered":"<p>            Par<br \/>\n        <strong><br \/>\n            <a href=\"https:\/\/actu.fr\/auteur\/redaction-paris\" title=\"Consulter tous les articles de R\u00e9daction Paris\" rel=\"nofollow noopener\" target=\"_blank\">R\u00e9daction Paris<\/a><br \/>\n        <\/strong><\/p>\n<p>        Publi\u00e9 le<\/p>\n<p>            30 mai 2025 \u00e0 11h04        <\/p>\n<p>Le <a href=\"https:\/\/actu.fr\/meteo\/grosse-chaleur-ou-orages-les-previsions-meteo-pour-le-week-end-de-l-ascension-a-paris-et-en-ile-de-france_62691414.html\" rel=\"nofollow noopener\" target=\"_blank\">mercure va grimper \u00e0 Paris<\/a> ce vendredi 30 mai 2025 avec un pic qui devrait fr\u00f4ler les <strong>30\u00b0C<\/strong>. Une chaleur qui devrait ravir celles et ceux qui profitent du pont de l\u2019Ascension mais qui ne sied pas aux infrastructures de transports, notamment le <a href=\"https:\/\/actu.fr\/tag\/rer-c\" rel=\"nofollow noopener\" target=\"_blank\">RER C<\/a> qui va \u00eatre interrompu en d\u00e9but d\u2019apr\u00e8s-midi.<\/p>\n<p>\u00ab\u2009Pensez \u00e0 vous hydrater avant votre arriv\u00e9e en gare\u2009\u00bb<\/p>\n<p class=\" wall-content\">\u00ab\u2009Le trafic sera interrompu entre <strong>Invalides<\/strong> et <strong>Paris-Austerlitz<\/strong> dans les deux sens de circulation de 13h15 \u00e0 13h45 en raison de v\u00e9rifications des voies dues aux fortes chaleurs\u2009\u00bb, a fait savoir la <a href=\"https:\/\/actu.fr\/tag\/sncf\" rel=\"nofollow noopener\" target=\"_blank\">SNCF<\/a> sur X.<\/p>\n<p class=\" wall-content\">\n<p class=\" wall-content\">Les gares suivantes ne seront donc <strong>pas desservies<\/strong>\u2009: Saint-Michel Notre Dame et Mus\u00e9e d\u2019Orsay.<\/p>\n<p class=\" wall-content\">La SNCF met en garde ses usagers sur la hausse des temp\u00e9ratures. \u00ab\u2009Comme vous le savez, les temp\u00e9ratures augmentent cette semaine. Pensez \u00e0 vous hydrater avant votre arriv\u00e9e en gare et <strong>emportez de l\u2019eau<\/strong> pour votre trajet. Restez attentifs envers les autres voyageurs et n\u2019h\u00e9sitez pas \u00e0 solliciter les agents.\u2009\u00bb<\/p>\n<p class=\" wall-content\">Suivez toute l\u2019actualit\u00e9 de vos villes et m\u00e9dias favoris en vous inscrivant \u00e0 <a href=\"https:\/\/moncompte.actu.fr\" title=\"D\u00e9couvez Mon Actu\" rel=\"nofollow noopener\" data-trk=\"{&quot;cta&quot;:{&quot;action&quot;:&quot;https:\\\/\\\/moncompte.actu.fr&quot;,&quot;category&quot;:&quot;mon compte&quot;,&quot;from&quot;:&quot;article footer&quot;,&quot;name&quot;:&quot;Mon actu&quot;,&quot;type&quot;:&quot;cta&quot;}}\" target=\"_blank\">Mon Actu<\/a>.<\/p>\n","protected":false},"excerpt":{"rendered":"Par R\u00e9daction Paris Publi\u00e9 le 30 mai 2025 \u00e0 11h04 Le mercure va grimper \u00e0 Paris ce vendredi&hellip;\n","protected":false},"author":2,"featured_media":32038,"comment_status":"","ping_status":"","sticky":false,"template":"","format":"standard","meta":{"footnotes":""},"categories":[1888],"tags":[1111,1928,11,1927,1777,674,1011,27,2357,12,1926,626,1925,25,6561,2215,104],"class_list":{"0":"post-138939","1":"post","2":"type-post","3":"status-publish","4":"format-standard","5":"has-post-thumbnail","7":"category-paris","8":"tag-actu","9":"tag-actu-paris","10":"tag-actualites","11":"tag-actualites-paris","12":"tag-eu","13":"tag-europe","14":"tag-fr","15":"tag-france","16":"tag-meteo-france","17":"tag-news","18":"tag-news-paris","19":"tag-paris","20":"tag-paris-news","21":"tag-republique-francaise","22":"tag-rer-c","23":"tag-sncf","24":"tag-societe"},"share_on_mastodon":{"url":"https:\/\/pubeurope.com\/@fr\/114596161958343046","error":""},"_links":{"self":[{"href":"https:\/\/www.europesays.com\/fr\/wp-json\/wp\/v2\/posts\/138939","targetHints":{"allow":["GET"]}}],"collection":[{"href":"https:\/\/www.europesays.com\/fr\/wp-json\/wp\/v2\/posts"}],"about":[{"href":"https:\/\/www.europesays.com\/fr\/wp-json\/wp\/v2\/types\/post"}],"author":[{"embeddable":true,"href":"https:\/\/www.europesays.com\/fr\/wp-json\/wp\/v2\/users\/2"}],"replies":[{"embeddable":true,"href":"https:\/\/www.europesays.com\/fr\/wp-json\/wp\/v2\/comments?post=138939"}],"version-history":[{"count":0,"href":"https:\/\/www.europesays.com\/fr\/wp-json\/wp\/v2\/posts\/138939\/revisions"}],"wp:featuredmedia":[{"embeddable":true,"href":"https:\/\/www.europesays.com\/fr\/wp-json\/wp\/v2\/media\/32038"}],"wp:attachment":[{"href":"https:\/\/www.europesays.com\/fr\/wp-json\/wp\/v2\/media?parent=138939"}],"wp:term":[{"taxonomy":"category","embeddable":true,"href":"https:\/\/www.europesays.com\/fr\/wp-json\/wp\/v2\/categories?post=138939"},{"taxonomy":"post_tag","embeddable":true,"href":"https:\/\/www.europesays.com\/fr\/wp-json\/wp\/v2\/tags?post=138939"}],"curies":[{"name":"wp","href":"https:\/\/api.w.org\/{rel}","templated":true}]}}