{"id":138955,"date":"2025-05-30T10:02:09","date_gmt":"2025-05-30T10:02:09","guid":{"rendered":"https:\/\/www.europesays.com\/fr\/138955\/"},"modified":"2025-05-30T10:02:09","modified_gmt":"2025-05-30T10:02:09","slug":"cetait-horrifiant-jai-eu-des-moments-ou-javais-de-la-chance-de-ne-pas-avoir-eu-daccident-brad-binder-en-difficulte-au-gp-britannique","status":"publish","type":"post","link":"https:\/\/www.europesays.com\/fr\/138955\/","title":{"rendered":"\u00ab C&rsquo;\u00e9tait horrifiant ; j&rsquo;ai eu des moments o\u00f9 j&rsquo;avais de la chance de ne pas avoir eu d&rsquo;accident \u00bb \u2013 Brad Binder en difficult\u00e9 au GP britannique."},"content":{"rendered":"<p>Brad Binder, pilote de Red Bull KTM Factory Racing, a d\u00e9crit sa course au GP de Grande-Bretagne comme l\u2019une des plus difficiles de la saison, \u00e9voquant des probl\u00e8mes de confiance, d\u2019instabilit\u00e9 de la moto et des difficult\u00e9s \u00e0 maintenir le contr\u00f4le.<\/p>\n<p>Le pilote sud-africain, num\u00e9ro 33, n\u2019a pas cach\u00e9 sa frustration face au r\u00e9sultat \u00e0 Silverstone. \u2018C\u2019\u00e9tait horrible. Horrible. J\u2019ai bien d\u00e9marr\u00e9 au premier, le premier. Ensuite, le deuxi\u00e8me n\u2019a pas eu un bon d\u00e9part du tout. Quoi qu\u2019il en soit, j\u2019ai r\u00e9ussi \u00e0 d\u00e9passer quelques gars, mais c\u2019\u00e9tait vraiment tr\u00e8s difficile,\u2019 a-t-il commenc\u00e9.<\/p>\n<p>Concernant les sensations sur la piste, Binder a \u00e9t\u00e9 direct : \u2018J\u2019avais tellement de vibrations dans la ligne droite et d\u2019un virage \u00e0 l\u2019autre que je continuais \u00e0 ouvrir les gaz dans la ligne droite, ce qui n\u2019est jamais une bonne chose. Donc, ce n\u2019\u00e9tait vraiment pas id\u00e9al.\u2019 Un manque de confiance \u00e0 l\u2019avant \u00e9tait un obstacle majeur : \u2018Il me manquait vraiment beaucoup de confiance, surtout \u00e0 l\u2019avant. Je me sentais bien quand j\u2019\u00e9tais derri\u00e8re quelqu\u2019un et que \u00e7a prenait un peu de temp\u00e9rature. Mais d\u00e8s que j\u2019\u00e9tais seul, j\u2019avais litt\u00e9ralement l\u2019impression de ne pas pouvoir incliner la moto parce que l\u2019avant se d\u00e9robait tout le temps.\u2019<\/p>\n<p>La difficult\u00e9 \u00e0 contr\u00f4ler la KTM \u00e9tait telle que Binder a admis avoir \u00e9vit\u00e9 de justesse des chutes m\u00eame \u00e0 des rythmes plus lents. \u2018J\u2019ai vraiment, vraiment gal\u00e9r\u00e9 durant cette course. M\u00eame en allant lentement, j\u2019ai eu des moments o\u00f9 j\u2019avais de la chance de ne pas \u00eatre tomb\u00e9,\u2019 a-t-il avou\u00e9. Le pilote conclut avec un objectif clair : \u2018J\u2019ai besoin de retrouver un peu de confiance en ce moment. Juste, essayer de trouver un peu de bonnes sensations et, oui, essayer de l\u2019utiliser.\u2019<\/p>\n","protected":false},"excerpt":{"rendered":"Brad Binder, pilote de Red Bull KTM Factory Racing, a d\u00e9crit sa course au GP de Grande-Bretagne comme&hellip;\n","protected":false},"author":2,"featured_media":138956,"comment_status":"","ping_status":"","sticky":false,"template":"","format":"standard","meta":{"footnotes":""},"categories":[1586],"tags":[11,3376,1777,674,1779,1011,27,1458,12,25,1778,364],"class_list":{"0":"post-138955","1":"post","2":"type-post","3":"status-publish","4":"format-standard","5":"has-post-thumbnail","7":"category-europe","8":"tag-actualites","9":"tag-brad-binder","10":"tag-eu","11":"tag-europe","12":"tag-european-union","13":"tag-fr","14":"tag-france","15":"tag-motogp","16":"tag-news","17":"tag-republique-francaise","18":"tag-ue","19":"tag-union-europeenne"},"share_on_mastodon":{"url":"https:\/\/pubeurope.com\/@fr\/114596213164946821","error":""},"_links":{"self":[{"href":"https:\/\/www.europesays.com\/fr\/wp-json\/wp\/v2\/posts\/138955","targetHints":{"allow":["GET"]}}],"collection":[{"href":"https:\/\/www.europesays.com\/fr\/wp-json\/wp\/v2\/posts"}],"about":[{"href":"https:\/\/www.europesays.com\/fr\/wp-json\/wp\/v2\/types\/post"}],"author":[{"embeddable":true,"href":"https:\/\/www.europesays.com\/fr\/wp-json\/wp\/v2\/users\/2"}],"replies":[{"embeddable":true,"href":"https:\/\/www.europesays.com\/fr\/wp-json\/wp\/v2\/comments?post=138955"}],"version-history":[{"count":0,"href":"https:\/\/www.europesays.com\/fr\/wp-json\/wp\/v2\/posts\/138955\/revisions"}],"wp:featuredmedia":[{"embeddable":true,"href":"https:\/\/www.europesays.com\/fr\/wp-json\/wp\/v2\/media\/138956"}],"wp:attachment":[{"href":"https:\/\/www.europesays.com\/fr\/wp-json\/wp\/v2\/media?parent=138955"}],"wp:term":[{"taxonomy":"category","embeddable":true,"href":"https:\/\/www.europesays.com\/fr\/wp-json\/wp\/v2\/categories?post=138955"},{"taxonomy":"post_tag","embeddable":true,"href":"https:\/\/www.europesays.com\/fr\/wp-json\/wp\/v2\/tags?post=138955"}],"curies":[{"name":"wp","href":"https:\/\/api.w.org\/{rel}","templated":true}]}}