{"id":138986,"date":"2025-05-30T10:21:08","date_gmt":"2025-05-30T10:21:08","guid":{"rendered":"https:\/\/www.europesays.com\/fr\/138986\/"},"modified":"2025-05-30T10:21:08","modified_gmt":"2025-05-30T10:21:08","slug":"le-cannabis-medical-commence-a-faire-ses-preuves-dans-la-sclerose-en-plaques","status":"publish","type":"post","link":"https:\/\/www.europesays.com\/fr\/138986\/","title":{"rendered":"le cannabis m\u00e9dical commence \u00e0 faire ses preuves dans la scl\u00e9rose en plaques"},"content":{"rendered":"<p><strong>D\u00c9CRYPTAGE <\/strong>&#8211; Test\u00e9 depuis deux ans, il soulage efficacement les douleurs et spasmes li\u00e9s \u00e0 la scl\u00e9rose en plaques, selon une \u00e9tude nationale men\u00e9e en France sur 2\u00a0486 patients.<\/p>\n<p class=\"fig-paragraph\">\u00ab\u00a0J\u2019ai moins de raideurs, moins de spasmes et plus de tonus, surtout dans les jambes. Pour moi, les b\u00e9n\u00e9fices sont multiples. Ce n\u2019est pas miraculeux, mais c\u2019est d\u2019une tr\u00e8s grande aide\u00a0\u00bb, t\u00e9moigne Jean-Luc, atteint d\u2019une\u00a0<a href=\"https:\/\/sante.lefigaro.fr\/sante\/maladie\/sclerose-plaques\/quest-ce-que-cest#:~:text=La%20SEP%20est%20une%20affection,par%20des%20pouss%C3%A9es%20bien%20individualis%C3%A9es.\" target=\"_blank\" data-fig-type=\"Keyword\" rel=\"noopener\" data-gtm-custom-categorie=\"navigation\" data-gtm-custom-action=\"crossclick\" data-gtm-custom-label=\"Contextuel\" data-gtm-event=\"customEventSPE\" data-fig-domain=\"SANTE\">scl\u00e9rose en plaques<\/a>\u00a0diagnostiqu\u00e9e en 2005. Ce patient a particip\u00e9 \u00e0 la r\u00e9cente \u00e9tude Cannams coordonn\u00e9e par l\u2019Agence nationale de s\u00e9curit\u00e9 du m\u00e9dicament (ANSM), en soutien avec le r\u00e9seau national CRC-FCRIN4MS. Cette \u00e9tude, commenc\u00e9e il y a deux ans, confirme l\u2019impact positif qu\u2019a le\u00a0<a href=\"http:\/\/sante.lefigaro.fr\/social\/sante-publique\/cannabis-medical-le-ministre-de-la-sante-attend-une-evaluation-de-la-has-20250221\" data-fig-type=\"NewsFlash\" data-gtm-custom-categorie=\"navigation\" data-gtm-custom-action=\"crossclick\" data-gtm-custom-label=\"Contextuel\" data-gtm-event=\"customEventSPE\" data-fig-domain=\"SANTE\" target=\"_blank\" rel=\"noopener\">cannabis m\u00e9dical<\/a>, sous forme d\u2019huile \u00e0 ing\u00e9rer, pour traiter les douleurs et g\u00eanes\u00a0<a href=\"https:\/\/sante.lefigaro.fr\/article\/sclerose-en-plaques-quand-le-systeme-immunitaire-attaque-le-systeme-nerveux\" target=\"_blank\" data-fig-type=\"Article\" rel=\"noopener\" data-gtm-custom-categorie=\"navigation\" data-gtm-custom-action=\"crossclick\" data-gtm-custom-label=\"Contextuel\" data-gtm-event=\"customEventSPE\" data-fig-domain=\"SANTE\">qu\u2019entra\u00eene la scl\u00e9rose en plaques<\/a>.<\/p>\n<p class=\"fig-paragraph\">La scl\u00e9rose en plaques est une maladie auto-immune chronique du syst\u00e8me nerveux central, qui touche le cerveau et la moelle \u00e9pini\u00e8re. Les sympt\u00f4mes varient selon les zones atteintes, mais incluent souvent des troubles moteurs (faiblesse musculaire, paralysie partielle), des troubles de la vision, des fourmillements, des douleurs, une grande fatigue ou des troubles cognitifs\u2026<\/p>\n<p class=\"fig-premium-paywall__infos\">\n        Cet article est r\u00e9serv\u00e9 aux abonn\u00e9s.        Il vous reste 79% \u00e0 d\u00e9couvrir.\n    <\/p>\n<p>                <img  data- alt=\"Le Figaro\" class=\"fig-img--complete fig-img\"\/><\/p>\n<p class=\"fig-premium-paywall__title\">Vente Flash<\/p>\n<p class=\"fig-premium-paywall__subtitle\">4,99\u20ac par mois pendant 12 mois. Sans engagement.<\/p>\n<p class=\"fig-premium-paywall__connect\">\n                D\u00e9j\u00e0 abonn\u00e9\u00a0?                <a class=\"fig-premium-paywall__connect-link\" href=\"https:\/\/connect.lefigaro.fr\/login?client=sante_web&amp;type=main&amp;redirect_uri=https%3A%2F%2Fsante.lefigaro.fr%2Fmedecine%2Fje-peux-de-nouveau-ouvrir-ma-main-le-cannabis-medical-commence-a-faire-ses-preuves-dans-la-sclerose-en-plaques-20250530\" data-js-gtm=\"{&quot;customCategorie&quot;: &quot;conversion&quot;, &quot;customAction&quot;: &quot;before_Landing_Connexion_paywall_auto&quot;, &quot;customLabel&quot;: &quot;c2FudGUubGVmaWdhcm8uZnJfXzFmMDM3MTczLTU2NGQtNmU1Ni05ZGYzLTNiMDk0YzI1MzcwYl9fQXJ0aWNsZQ==_\u00ab\u00a0Je peux de nouveau ouvrir ma main\u00a0\u00bb\u00a0: le cannabis m\u00e9dical commence \u00e0 faire ses preuves dans la scl\u00e9rose en plaques_372&quot;, &quot;customIDSPE&quot;: &quot;c2FudGUubGVmaWdhcm8uZnJfXzFmMDM3MTczLTU2NGQtNmU1Ni05ZGYzLTNiMDk0YzI1MzcwYl9fQXJ0aWNsZQ==&quot;, &quot;event&quot;: &quot;customEventSPE&quot;}\" target=\"_blank\" rel=\"noopener\"><br \/>\n                    Connectez-vous<br \/>\n                <\/a>\n            <\/p>\n","protected":false},"excerpt":{"rendered":"D\u00c9CRYPTAGE &#8211; Test\u00e9 depuis deux ans, il soulage efficacement les douleurs et spasmes li\u00e9s \u00e0 la scl\u00e9rose en&hellip;\n","protected":false},"author":2,"featured_media":138987,"comment_status":"","ping_status":"","sticky":false,"template":"","format":"standard","meta":{"footnotes":""},"categories":[10],"tags":[237,101,232,231,234,228,1011,27,72,239,230,238,226,224,225,233,229,236,235,71,227],"class_list":{"0":"post-138986","1":"post","2":"type-post","3":"status-publish","4":"format-standard","5":"has-post-thumbnail","7":"category-sante","8":"tag-actualite-sur-les-maladies","9":"tag-cancer","10":"tag-cardiologie","11":"tag-cerveau","12":"tag-diabete","13":"tag-diagnostic","14":"tag-fr","15":"tag-france","16":"tag-health","17":"tag-info-sur-les-maladies","18":"tag-infographie","19":"tag-information-sur-les-maladies","20":"tag-maladie","21":"tag-medecine","22":"tag-medicament","23":"tag-obesite","24":"tag-pathologie","25":"tag-pediatrie","26":"tag-psychiatrie","27":"tag-sante","28":"tag-traitement"},"share_on_mastodon":{"url":"https:\/\/pubeurope.com\/@fr\/114596287877314826","error":""},"_links":{"self":[{"href":"https:\/\/www.europesays.com\/fr\/wp-json\/wp\/v2\/posts\/138986","targetHints":{"allow":["GET"]}}],"collection":[{"href":"https:\/\/www.europesays.com\/fr\/wp-json\/wp\/v2\/posts"}],"about":[{"href":"https:\/\/www.europesays.com\/fr\/wp-json\/wp\/v2\/types\/post"}],"author":[{"embeddable":true,"href":"https:\/\/www.europesays.com\/fr\/wp-json\/wp\/v2\/users\/2"}],"replies":[{"embeddable":true,"href":"https:\/\/www.europesays.com\/fr\/wp-json\/wp\/v2\/comments?post=138986"}],"version-history":[{"count":0,"href":"https:\/\/www.europesays.com\/fr\/wp-json\/wp\/v2\/posts\/138986\/revisions"}],"wp:featuredmedia":[{"embeddable":true,"href":"https:\/\/www.europesays.com\/fr\/wp-json\/wp\/v2\/media\/138987"}],"wp:attachment":[{"href":"https:\/\/www.europesays.com\/fr\/wp-json\/wp\/v2\/media?parent=138986"}],"wp:term":[{"taxonomy":"category","embeddable":true,"href":"https:\/\/www.europesays.com\/fr\/wp-json\/wp\/v2\/categories?post=138986"},{"taxonomy":"post_tag","embeddable":true,"href":"https:\/\/www.europesays.com\/fr\/wp-json\/wp\/v2\/tags?post=138986"}],"curies":[{"name":"wp","href":"https:\/\/api.w.org\/{rel}","templated":true}]}}