{"id":138995,"date":"2025-05-30T10:26:08","date_gmt":"2025-05-30T10:26:08","guid":{"rendered":"https:\/\/www.europesays.com\/fr\/138995\/"},"modified":"2025-05-30T10:26:08","modified_gmt":"2025-05-30T10:26:08","slug":"la-turquie-propose-daccueillir-une-rencontre-poutine-zelensky-trump","status":"publish","type":"post","link":"https:\/\/www.europesays.com\/fr\/138995\/","title":{"rendered":"la Turquie propose d&rsquo;accueillir une rencontre Poutine-Zelensky-Trump"},"content":{"rendered":"<p>\u00abNous pensons sinc\u00e8rement qu\u2019il est possible de couronner les premier et deuxi\u00e8me pourparlers d\u2019Istanbul par une rencontre entre M. Trump, M. Poutine et M. Zelensky, sous la direction de M. Erdogan\u00bb, a d\u00e9clar\u00e9 le ministre turc des Affaires \u00e9trang\u00e8res Hakan Ridan.<\/p>\n<p class=\"fig-paragraph\">Le ministre turc des Affaires \u00e9trang\u00e8res Hakan Ridan, en visite \u00e0\u00a0<a href=\"http:\/\/www.lefigaro.fr\/international\/guerre-en-ukraine-friedrich-merz-ouvre-un-nouveau-chapitre-du-soutien-militaire-europeen-a-kiev-20250526\" target=\"_blank\" data-fig-type=\"Article\" rel=\"noopener nofollow\" data-gtm-custom-categorie=\"navigation\" data-gtm-custom-action=\"crossclick\" data-gtm-custom-label=\"Contextuel\" data-gtm-event=\"customEventSPE\" data-fig-domain=\"LEFIGARO\">Kiev<\/a>, a propos\u00e9 ce vendredi que la Turquie accueille une rencontre entre Vladimir Poutine, Volodymyr Zelensky et\u00a0<a href=\"http:\/\/www.lefigaro.fr\/international\/face-aux-tentatives-d-annexion-de-donald-trump-le-roi-charles-iii-au-secours-de-ses-sujets-canadiens-20250526\" target=\"_blank\" data-fig-type=\"Article\" rel=\"noopener nofollow\" data-gtm-custom-categorie=\"navigation\" data-gtm-custom-action=\"crossclick\" data-gtm-custom-label=\"Contextuel\" data-gtm-event=\"customEventSPE\" data-fig-domain=\"LEFIGARO\">Donald Trump<\/a>.<\/p>\n<p class=\"fig-paragraph\">\u00abNous pensons sinc\u00e8rement qu\u2019il est possible de couronner les premier et deuxi\u00e8me pourparlers d\u2019Istanbul par une rencontre entre M. Trump, M. Poutine et M. Zelensky, sous la direction (du pr\u00e9sident turc) Erdogan\u00bb, a d\u00e9clar\u00e9 M. Fidan lors d\u2019une conf\u00e9rence de presse conjointe avec son homologue ukrainien Andri\u00ef Sybiga. \u00abNous pouvons soit fermer les yeux sur la poursuite de cette guerre, soit parvenir \u00e0 une paix durable d\u2019ici la fin de l\u2019ann\u00e9e\u00bb, a ajout\u00e9 le chef de la diplomatie turque, affirmant que \u00ables attentes en mati\u00e8re de\u00a0<a href=\"http:\/\/www.lefigaro.fr\/international\/guerre-en-ukraine-les-occidentaux-unis-pour-contraindre-la-russie-au-cessez-le-feu-20250511\" target=\"_blank\" data-fig-type=\"Article\" rel=\"noopener nofollow\" data-gtm-custom-categorie=\"navigation\" data-gtm-custom-action=\"crossclick\" data-gtm-custom-label=\"Contextuel\" data-gtm-event=\"customEventSPE\" data-fig-domain=\"LEFIGARO\">cessez-le-feu<\/a> \u00a0et de paix se sont accrues\u00bb.<\/p>\n<p class=\"fig-paragraph\">\u00abDes avanc\u00e9es peuvent certainement avoir lieu tant que nous restons \u00e0 la table des n\u00e9gociations\u00bb, a dit encore M. Fidan, qui doit \u00eatre re\u00e7u vendredi par le pr\u00e9sident ukrainien Volodymyr Zelensky.<\/p>\n","protected":false},"excerpt":{"rendered":"\u00abNous pensons sinc\u00e8rement qu\u2019il est possible de couronner les premier et deuxi\u00e8me pourparlers d\u2019Istanbul par une rencontre entre&hellip;\n","protected":false},"author":2,"featured_media":138996,"comment_status":"","ping_status":"","sticky":false,"template":"","format":"standard","meta":{"footnotes":""},"categories":[5],"tags":[259,11,260,75,1011,27,14,261,12,262,3496,135,134,28],"class_list":{"0":"post-138995","1":"post","2":"type-post","3":"status-publish","4":"format-standard","5":"has-post-thumbnail","7":"category-international","8":"tag-actualite-internationale","9":"tag-actualites","10":"tag-affaires-etrangeres","11":"tag-donald-trump","12":"tag-fr","13":"tag-france","14":"tag-international","15":"tag-ministere-des-affaires-etrangeres","16":"tag-news","17":"tag-politique-etrangere","18":"tag-turquie","19":"tag-vladimir-poutine","20":"tag-volodymyr-zelensky","21":"tag-world"},"share_on_mastodon":{"url":"https:\/\/pubeurope.com\/@fr\/114596307552417141","error":""},"_links":{"self":[{"href":"https:\/\/www.europesays.com\/fr\/wp-json\/wp\/v2\/posts\/138995","targetHints":{"allow":["GET"]}}],"collection":[{"href":"https:\/\/www.europesays.com\/fr\/wp-json\/wp\/v2\/posts"}],"about":[{"href":"https:\/\/www.europesays.com\/fr\/wp-json\/wp\/v2\/types\/post"}],"author":[{"embeddable":true,"href":"https:\/\/www.europesays.com\/fr\/wp-json\/wp\/v2\/users\/2"}],"replies":[{"embeddable":true,"href":"https:\/\/www.europesays.com\/fr\/wp-json\/wp\/v2\/comments?post=138995"}],"version-history":[{"count":0,"href":"https:\/\/www.europesays.com\/fr\/wp-json\/wp\/v2\/posts\/138995\/revisions"}],"wp:featuredmedia":[{"embeddable":true,"href":"https:\/\/www.europesays.com\/fr\/wp-json\/wp\/v2\/media\/138996"}],"wp:attachment":[{"href":"https:\/\/www.europesays.com\/fr\/wp-json\/wp\/v2\/media?parent=138995"}],"wp:term":[{"taxonomy":"category","embeddable":true,"href":"https:\/\/www.europesays.com\/fr\/wp-json\/wp\/v2\/categories?post=138995"},{"taxonomy":"post_tag","embeddable":true,"href":"https:\/\/www.europesays.com\/fr\/wp-json\/wp\/v2\/tags?post=138995"}],"curies":[{"name":"wp","href":"https:\/\/api.w.org\/{rel}","templated":true}]}}