{"id":138999,"date":"2025-05-30T10:28:10","date_gmt":"2025-05-30T10:28:10","guid":{"rendered":"https:\/\/www.europesays.com\/fr\/138999\/"},"modified":"2025-05-30T10:28:10","modified_gmt":"2025-05-30T10:28:10","slug":"marine-le-pen-menace-francois-bayrou-a-quelques-jours-dune-motion-de-censure","status":"publish","type":"post","link":"https:\/\/www.europesays.com\/fr\/138999\/","title":{"rendered":"Marine Le Pen menace Fran\u00e7ois Bayrou \u00e0 quelques jours d\u2019une motion de censure"},"content":{"rendered":"<p>        <img decoding=\"async\" loading=\"lazy\" src=\"https:\/\/www.europesays.com\/fr\/wp-content\/uploads\/2025\/05\/75932fd_sirius-fs-upload-1-lbwx4ob3ci4z-1743778714203-000-348f2ax.jpg\"  width=\"728\" height=\"409\" alt=\"Marine Le Pen photographi\u00e9e en 2023\u00a0\u00e0 l\u2019Assembl\u00e9e nationale (illustration)\"\/>  <\/p>\n<p>LUDOVIC MARIN \/ AFP<\/p>\n<p>Marine Le Pen photographi\u00e9e en 2023\u00a0\u00e0 l\u2019Assembl\u00e9e nationale (illustration)<\/p>\n<p class=\"asset asset-text\">POLITIQUE &#8211; Comme un air de d\u00e9j\u00e0-vu. Le mot censure fait son retour dans la bouche de <a href=\"https:\/\/www.huffingtonpost.fr\/politique\/video\/marine-le-pen-ineligible-les-clefs-pour-comprendre-la-decision-de-justice-en-fonction-de-ces-3-scenarios-clx1_248075.html\" target=\"_blank\" rel=\"noopener\">Marine Le Pen<\/a>, depuis la Nouvelle-Cal\u00e9donie o\u00f9 elle effectue une visite de plusieurs jours. Interrog\u00e9e ce vendredi 30\u00a0mai par BFMTV, la dirigeante d\u2019extr\u00eame droite a indiqu\u00e9 que son parti \u00e9tait pr\u00eat \u00e0 signer la fin du gouvernement Bayrou, s\u2019il d\u00e9cide de redresser les finances publiques par des hausses d\u2019imp\u00f4ts.<\/p>\n<p class=\"asset asset-text\">Deux jours plus t\u00f4t, le Premier ministre a en effet ouvert la porte \u00e0 l\u2019instauration d\u2019une TVA sociale, pour faire 40\u00a0milliards d\u2019euros d\u2019\u00e9conomies dans le prochain budget, et demander un \u00ab\u00a0effort \u00e0 tous les Fran\u00e7ais.\u00a0\u00bb Une mesure qui crispe \u00e0 gauche et au Rassemblement national.<\/p>\n<p class=\"asset asset-text\">\u00ab\u00a0L\u2019ensemble de ses d\u00e9clarations sous-tendent qu\u2019il va nous faire du Barnier\u00a0\u00bb, a estim\u00e9 Marine Le\u00a0Pen ce vendredi 30\u00a0mai. Pour la pr\u00e9sidente du groupe RN \u00e0 l\u2019Assembl\u00e9e nationale, qui dit \u00ab\u00a0faire du Barnier\u00a0\u00bb, dit aussi finir comme Barnier. Pour elle, \u00ab\u00a0la TVA sociale c\u2019est un imp\u00f4t. C\u2019est l\u2019augmentation de l\u2019imp\u00f4t qui frappe le plus injustement les plus modestes. \u00bb<\/p>\n<p>    Une motion de censure la semaine prochaine    <\/p>\n<p class=\"asset asset-text\">Une hausse d\u2019imp\u00f4t \u00ab\u00a0insupportable\u00a0\u00bb, tout comme l\u2019\u00e9tait aux yeux du Rassemblement national le budget de la S\u00e9curit\u00e9 sociale du gouvernement Barnier qui avait conduit \u00e0 sa chute le 4\u00a0d\u00e9cembre\u00a02024. \u00ab\u00a0Les m\u00eames causes entra\u00eeneront les m\u00eames effets, a-t-elle analys\u00e9 sur BFMTV. Il nous poussera \u00e0 prendre la m\u00eame d\u00e9cision que celle que nous avions prise pour emp\u00eacher l\u2019augmentation d\u2019imp\u00f4t que d\u00e9fendait monsieur Barnier, \u00e0 savoir voter une censure.\u00a0\u00bb<\/p>\n<p class=\"asset asset-text\">Une menace qui ne prend pas encore tout \u00e0 fait les airs d\u2019un ultimatum, puisque le Rassemblement national ne devrait pas abattre cette carte dans l\u2019imm\u00e9diat, malgr\u00e9 une occasion qui se pr\u00e9sentera tr\u00e8s vite. Le groupe La France insoumise doit en effet d\u00e9poser ce vendredi <a href=\"https:\/\/www.huffingtonpost.fr\/politique\/article\/une-motion-de-censure-contre-francois-bayrou-deposee-par-lfi-apres-l-imbroglio-autour-de-la-loi-duplomb_250609.html\" target=\"_blank\" rel=\"noopener\">une motion de censure<\/a> contre le gouvernement Bayrou\u00a0; celle-ci devrait \u00eatre examin\u00e9e en d\u00e9but de semaine prochaine.<\/p>\n<p class=\"asset asset-text\">Mais les motivations de cette censure, d\u00e9cid\u00e9e apr\u00e8s l\u2019\u00e9pisode de la <a href=\"https:\/\/www.huffingtonpost.fr\/politique\/article\/la-loi-agriculture-rejetee-pour-de-faux-a-l-assemblee-le-gouvernement-et-ses-soutiens-reussissent-leur-coup_250537.html\" target=\"_blank\" rel=\"noopener\">loi Duplomb <\/a>\u00e0 l\u2019Assembl\u00e9e nationale (rejet\u00e9e tactiquement par le bloc central pour aller directement en commission mixte paritaire, au grand dam de la gauche) ne devraient pas pousser Marine Le\u00a0Pen et son groupe \u00e0 franchir le pas. Pour l\u2019instant.<\/p>\n","protected":false},"excerpt":{"rendered":"LUDOVIC MARIN \/ AFP Marine Le Pen photographi\u00e9e en 2023\u00a0\u00e0 l\u2019Assembl\u00e9e nationale (illustration) POLITIQUE &#8211; Comme un air&hellip;\n","protected":false},"author":2,"featured_media":139000,"comment_status":"","ping_status":"","sticky":false,"template":"","format":"standard","meta":{"footnotes":""},"categories":[2],"tags":[11,1011,27,431,430,26542,12,316,25675],"class_list":{"0":"post-138999","1":"post","2":"type-post","3":"status-publish","4":"format-standard","5":"has-post-thumbnail","7":"category-actualites","8":"tag-actualites","9":"tag-fr","10":"tag-france","11":"tag-francois-bayrou","12":"tag-marine-le-pen","13":"tag-motion-de-censure","14":"tag-news","15":"tag-politique","16":"tag-tva-sociale"},"share_on_mastodon":{"url":"https:\/\/pubeurope.com\/@fr\/114596315328871014","error":""},"_links":{"self":[{"href":"https:\/\/www.europesays.com\/fr\/wp-json\/wp\/v2\/posts\/138999","targetHints":{"allow":["GET"]}}],"collection":[{"href":"https:\/\/www.europesays.com\/fr\/wp-json\/wp\/v2\/posts"}],"about":[{"href":"https:\/\/www.europesays.com\/fr\/wp-json\/wp\/v2\/types\/post"}],"author":[{"embeddable":true,"href":"https:\/\/www.europesays.com\/fr\/wp-json\/wp\/v2\/users\/2"}],"replies":[{"embeddable":true,"href":"https:\/\/www.europesays.com\/fr\/wp-json\/wp\/v2\/comments?post=138999"}],"version-history":[{"count":0,"href":"https:\/\/www.europesays.com\/fr\/wp-json\/wp\/v2\/posts\/138999\/revisions"}],"wp:featuredmedia":[{"embeddable":true,"href":"https:\/\/www.europesays.com\/fr\/wp-json\/wp\/v2\/media\/139000"}],"wp:attachment":[{"href":"https:\/\/www.europesays.com\/fr\/wp-json\/wp\/v2\/media?parent=138999"}],"wp:term":[{"taxonomy":"category","embeddable":true,"href":"https:\/\/www.europesays.com\/fr\/wp-json\/wp\/v2\/categories?post=138999"},{"taxonomy":"post_tag","embeddable":true,"href":"https:\/\/www.europesays.com\/fr\/wp-json\/wp\/v2\/tags?post=138999"}],"curies":[{"name":"wp","href":"https:\/\/api.w.org\/{rel}","templated":true}]}}