{"id":139001,"date":"2025-05-30T10:29:11","date_gmt":"2025-05-30T10:29:11","guid":{"rendered":"https:\/\/www.europesays.com\/fr\/139001\/"},"modified":"2025-05-30T10:29:11","modified_gmt":"2025-05-30T10:29:11","slug":"saint-etienne-primaprix-nouvrira-finalement-pas-dans-lancien-zara-femmes","status":"publish","type":"post","link":"https:\/\/www.europesays.com\/fr\/139001\/","title":{"rendered":"Saint-\u00c9tienne. PrimaPrix n\u2019ouvrira finalement pas dans l\u2019ancien Zara femmes"},"content":{"rendered":"<p>Alors qu\u2019il est ferm\u00e9 depuis maintenant un peu plus d\u2019un an (depuis le 18\u00a0mai 2024 pr\u00e9cis\u00e9ment) et le d\u00e9part de l\u2019enseigne espagnole de pr\u00eat-\u00e0-porter au centre commercial Steel, l\u2019ancien magasin Zara femmes, \u00e0 l\u2019angle de la place du Peuple et de la rue Gambetta, n\u2019est malheureusement pas pr\u00e8s de retrouver de l\u2019activit\u00e9. Ou en tout cas pas aussi rapidement qu\u2019on aurait pu l\u2019esp\u00e9rer.<\/p>\n<p>  Une ouverture qui \u00e9tait annonc\u00e9e pour juin<\/p>\n<p>En mars dernier, on apprenait par la voix de Michel M\u00e9rieux, sp\u00e9cialiste de l\u2019immobilier commercial, que c\u2019\u00e9tait une autre enseigne espagnole, le discounter PrimaPrix, qui allait investir les lieux. L\u2019ouverture \u00e9tait alors annonc\u00e9e pour juin au plus tard.<\/p>\n<p>Pourtant, depuis, rien n\u2019avait boug\u00e9 \u00e0 l\u2019int\u00e9rieur. Et pour cause\u2026 Selon une source proche du dossier, on a appris ce vendredi que le discounter espagnol avait finalement d\u00e9cid\u00e9 de renoncer \u00e0 ce projet en centre-ville, alors m\u00eame qu\u2019il s\u2019appr\u00eate en revanche \u00e0 ouvrir un magasin au sein du centre commercial Centre Deux, ce mercredi 4\u00a0juin.<\/p>\n<p>Tout est donc \u00e0 refaire pour l\u2019ancien Zara femmes, dont on esp\u00e8re qu\u2019il ne conna\u00eetra pas le m\u00eame sort que les anciens locaux d\u2019H&amp;M un peu plus haut, vides depuis l\u2019\u00e9t\u00e9 2020.<\/p>\n<p>  Les travaux n\u2019ont pas commenc\u00e9 non plus dans l\u2019ex-Zara hommes<\/p>\n<p>Concernant l\u2019ancien Zara hommes, on sait depuis le d\u00e9but de l\u2019ann\u00e9e que c\u2019est un restaurant Burger King qui doit le remplacer. Mais l\u00e0 non plus, les travaux n\u2019ont toujours pas commenc\u00e9. Esp\u00e9rons que \u00e7a ne soit pas un mauvais pr\u00e9sage\u2026 L\u2019enseigne a sans doute voulu se concentrer sur son ouverture \u00e0 Firminy le 22\u00a0mai dernier.<\/p>\n","protected":false},"excerpt":{"rendered":"Alors qu\u2019il est ferm\u00e9 depuis maintenant un peu plus d\u2019un an (depuis le 18\u00a0mai 2024 pr\u00e9cis\u00e9ment) et le&hellip;\n","protected":false},"author":2,"featured_media":139002,"comment_status":"","ping_status":"","sticky":false,"template":"","format":"standard","meta":{"footnotes":""},"categories":[9653],"tags":[1111,11,2430,4406,33,7539,1777,674,1011,27,12,25,4001,7538],"class_list":{"0":"post-139001","1":"post","2":"type-post","3":"status-publish","4":"format-standard","5":"has-post-thumbnail","7":"category-saint-etienne","8":"tag-actu","9":"tag-actualites","10":"tag-auvergne-rhone-alpes","11":"tag-commerce-et-services","12":"tag-economie","13":"tag-edition-loire-sud","14":"tag-eu","15":"tag-europe","16":"tag-fr","17":"tag-france","18":"tag-news","19":"tag-republique-francaise","20":"tag-saint-etienne","21":"tag-saint-etienne-ville"},"share_on_mastodon":{"url":"https:\/\/pubeurope.com\/@fr\/114596319389340117","error":""},"_links":{"self":[{"href":"https:\/\/www.europesays.com\/fr\/wp-json\/wp\/v2\/posts\/139001","targetHints":{"allow":["GET"]}}],"collection":[{"href":"https:\/\/www.europesays.com\/fr\/wp-json\/wp\/v2\/posts"}],"about":[{"href":"https:\/\/www.europesays.com\/fr\/wp-json\/wp\/v2\/types\/post"}],"author":[{"embeddable":true,"href":"https:\/\/www.europesays.com\/fr\/wp-json\/wp\/v2\/users\/2"}],"replies":[{"embeddable":true,"href":"https:\/\/www.europesays.com\/fr\/wp-json\/wp\/v2\/comments?post=139001"}],"version-history":[{"count":0,"href":"https:\/\/www.europesays.com\/fr\/wp-json\/wp\/v2\/posts\/139001\/revisions"}],"wp:featuredmedia":[{"embeddable":true,"href":"https:\/\/www.europesays.com\/fr\/wp-json\/wp\/v2\/media\/139002"}],"wp:attachment":[{"href":"https:\/\/www.europesays.com\/fr\/wp-json\/wp\/v2\/media?parent=139001"}],"wp:term":[{"taxonomy":"category","embeddable":true,"href":"https:\/\/www.europesays.com\/fr\/wp-json\/wp\/v2\/categories?post=139001"},{"taxonomy":"post_tag","embeddable":true,"href":"https:\/\/www.europesays.com\/fr\/wp-json\/wp\/v2\/tags?post=139001"}],"curies":[{"name":"wp","href":"https:\/\/api.w.org\/{rel}","templated":true}]}}