{"id":139007,"date":"2025-05-30T10:32:09","date_gmt":"2025-05-30T10:32:09","guid":{"rendered":"https:\/\/www.europesays.com\/fr\/139007\/"},"modified":"2025-05-30T10:32:09","modified_gmt":"2025-05-30T10:32:09","slug":"voici-ou-voir-le-match-de-la-finale-de-la-ligue-des-champions-a-nancy","status":"publish","type":"post","link":"https:\/\/www.europesays.com\/fr\/139007\/","title":{"rendered":"voici o\u00f9 voir le match de la finale de la Ligue des Champions \u00e0 Nancy"},"content":{"rendered":"<p>            Par<br \/>\n        <strong><br \/>\n            <a href=\"https:\/\/actu.fr\/auteur\/amandine-mehl\" title=\"Consulter tous les articles de Amandine Mehl\" rel=\"nofollow noopener\" target=\"_blank\">Amandine Mehl<\/a><br \/>\n        <\/strong><\/p>\n<p>        Publi\u00e9 le<\/p>\n<p>            30 mai 2025 \u00e0 12h13        <\/p>\n<p>C\u2019est le rendez-vous <strong>incontournable<\/strong> pour les fans de ballon rond\u2009! Samedi 31\u00a0mai 2025, \u00e0 l\u2019occasion de la <strong>finale<\/strong> de la <a href=\"https:\/\/actu.fr\/tag\/ligue-des-champions\" rel=\"nofollow noopener\" target=\"_blank\">Ligue des Champions<\/a>, le <a href=\"https:\/\/actu.fr\/tag\/paris-saint-germain-psg\" rel=\"nofollow noopener\" target=\"_blank\">Paris Saint-Germain<\/a> affrontera l\u2019<strong>Inter Milan<\/strong> \u00e0 l\u2019Allianz Arena.<\/p>\n<p class=\" wall-content\">D\u00e9j\u00e0 dans toutes les t\u00eates des supporters, le <strong>match<\/strong> sera diffus\u00e9 dans de nombreux endroits \u00e0 <strong>Nancy<\/strong>. Voici une liste <strong>non exhaustive<\/strong>.<\/p>\n<p>Cinq bars \u00e0 Nancy o\u00f9 voir le match PSG-Inter Milan<\/p>\n<p class=\" wall-content\">Si vous souhaitez regarder le match tout en profitant d\u2019une <strong>ambiance festive<\/strong>, ces lieux n\u2019attendent plus que vous\u2009:<\/p>\n<ul class=\" wall-content\">\n<li><strong>Le Shamrock Pub<\/strong>, 13 rue Saint-Julien\u2009;<\/li>\n<li><strong>Le QG<\/strong>, 38 rue de Malz\u00e9ville\u2009;<\/li>\n<li><strong>Le Ruin B\u00e4r<\/strong>, 22 rue Saint-Dizier\u2009;<\/li>\n<li><strong>Le Brexit<\/strong>, 21 rue de la Fa\u00efencerie\u2009;<\/li>\n<li><strong>Le PopKf\u00e9<\/strong>, 3 Rue du Mar\u00e9chal Victor duc de Bellune.<\/li>\n<\/ul>\n<p class=\" wall-content\">\u00c0 noter qu\u2019il est pr\u00e9f\u00e9rable, pour certains endroits, de <strong>r\u00e9server une table<\/strong> ou d\u2019<strong>arriver bien en amont<\/strong> pour \u00eatre certain de pouvoir voir le match.<\/p>\n<p class=\" wall-content\">Suivez toute l\u2019actualit\u00e9 de vos villes et m\u00e9dias favoris en vous inscrivant \u00e0 <a href=\"https:\/\/moncompte.actu.fr\" title=\"D\u00e9couvez Mon Actu\" rel=\"nofollow noopener\" data-trk=\"{&quot;cta&quot;:{&quot;action&quot;:&quot;https:\\\/\\\/moncompte.actu.fr&quot;,&quot;category&quot;:&quot;mon compte&quot;,&quot;from&quot;:&quot;article footer&quot;,&quot;name&quot;:&quot;Mon actu&quot;,&quot;type&quot;:&quot;cta&quot;}}\" target=\"_blank\">Mon Actu<\/a>.<\/p>\n<ul class=\"ac-article-tag wall-content\">\n<li><a href=\"https:\/\/actu.fr\/tag\/ligue-des-champions\" data-trk=\"{&quot;cta&quot;:{&quot;action&quot;:&quot;Ligue des Champions&quot;,&quot;category&quot;:&quot;tag&quot;,&quot;from&quot;:&quot;article footer&quot;,&quot;name&quot;:&quot;Ligue des Champions&quot;,&quot;type&quot;:&quot;cta&quot;}}\" rel=\"nofollow noopener\" target=\"_blank\">#Ligue des Champions<\/a><\/li>\n<li><a href=\"https:\/\/actu.fr\/tag\/paris-saint-germain-psg\" data-trk=\"{&quot;cta&quot;:{&quot;action&quot;:&quot;Paris Saint Germain (PSG)&quot;,&quot;category&quot;:&quot;tag&quot;,&quot;from&quot;:&quot;article footer&quot;,&quot;name&quot;:&quot;Paris Saint Germain (PSG)&quot;,&quot;type&quot;:&quot;cta&quot;}}\" rel=\"nofollow noopener\" target=\"_blank\">#Paris Saint Germain (PSG)<\/a><\/li>\n<\/ul>\n","protected":false},"excerpt":{"rendered":"Par Amandine Mehl Publi\u00e9 le 30 mai 2025 \u00e0 12h13 C\u2019est le rendez-vous incontournable pour les fans de&hellip;\n","protected":false},"author":2,"featured_media":134105,"comment_status":"","ping_status":"","sticky":false,"template":"","format":"standard","meta":{"footnotes":""},"categories":[9635],"tags":[1111,11,1777,674,63,1011,27,775,447,1702,12,2332,25,60],"class_list":{"0":"post-139007","1":"post","2":"type-post","3":"status-publish","4":"format-standard","5":"has-post-thumbnail","7":"category-nancy","8":"tag-actu","9":"tag-actualites","10":"tag-eu","11":"tag-europe","12":"tag-football","13":"tag-fr","14":"tag-france","15":"tag-grand-est","16":"tag-ligue-des-champions","17":"tag-nancy","18":"tag-news","19":"tag-paris-saint-germain-psg","20":"tag-republique-francaise","21":"tag-sports"},"share_on_mastodon":{"url":"https:\/\/pubeurope.com\/@fr\/114596331157242866","error":""},"_links":{"self":[{"href":"https:\/\/www.europesays.com\/fr\/wp-json\/wp\/v2\/posts\/139007","targetHints":{"allow":["GET"]}}],"collection":[{"href":"https:\/\/www.europesays.com\/fr\/wp-json\/wp\/v2\/posts"}],"about":[{"href":"https:\/\/www.europesays.com\/fr\/wp-json\/wp\/v2\/types\/post"}],"author":[{"embeddable":true,"href":"https:\/\/www.europesays.com\/fr\/wp-json\/wp\/v2\/users\/2"}],"replies":[{"embeddable":true,"href":"https:\/\/www.europesays.com\/fr\/wp-json\/wp\/v2\/comments?post=139007"}],"version-history":[{"count":0,"href":"https:\/\/www.europesays.com\/fr\/wp-json\/wp\/v2\/posts\/139007\/revisions"}],"wp:featuredmedia":[{"embeddable":true,"href":"https:\/\/www.europesays.com\/fr\/wp-json\/wp\/v2\/media\/134105"}],"wp:attachment":[{"href":"https:\/\/www.europesays.com\/fr\/wp-json\/wp\/v2\/media?parent=139007"}],"wp:term":[{"taxonomy":"category","embeddable":true,"href":"https:\/\/www.europesays.com\/fr\/wp-json\/wp\/v2\/categories?post=139007"},{"taxonomy":"post_tag","embeddable":true,"href":"https:\/\/www.europesays.com\/fr\/wp-json\/wp\/v2\/tags?post=139007"}],"curies":[{"name":"wp","href":"https:\/\/api.w.org\/{rel}","templated":true}]}}