{"id":139008,"date":"2025-05-30T10:33:08","date_gmt":"2025-05-30T10:33:08","guid":{"rendered":"https:\/\/www.europesays.com\/fr\/139008\/"},"modified":"2025-05-30T10:33:08","modified_gmt":"2025-05-30T10:33:08","slug":"le-cartel-de-sinaloa-a-envoye-ses-chimistes-pres-de-toulon-une-premiere-en-france","status":"publish","type":"post","link":"https:\/\/www.europesays.com\/fr\/139008\/","title":{"rendered":"le cartel de Sinaloa a envoy\u00e9 ses chimistes pr\u00e8s de Toulon, une premi\u00e8re en France"},"content":{"rendered":"<p>            Par<br \/>\n        <strong><br \/>\n            <a href=\"https:\/\/actu.fr\/auteur\/valentine-exantus-actu-fr\" title=\"Consulter tous les articles de Valentine Exantus\" rel=\"nofollow noopener\" target=\"_blank\">Valentine Exantus<\/a><br \/>\n        <\/strong><\/p>\n<p>        Publi\u00e9 le<\/p>\n<p>            30 mai 2025 \u00e0 12h02        <\/p>\n<p>C\u2019est une premi\u00e8re en France\u2009: le <strong>cartel mexicain de Sinaloa<\/strong> a envoy\u00e9 ses chimistes pr\u00e8s de <a href=\"https:\/\/actu.fr\/provence-alpes-cote-d-azur\/toulon_83137\" rel=\"nofollow noopener\" target=\"_blank\">Toulon<\/a>, dans le <a href=\"https:\/\/actu.fr\/provence-alpes-cote-d-azur\/var_83\" rel=\"nofollow noopener\" target=\"_blank\">Var<\/a>, pour fabriquer localement de la <strong>m\u00e9thamph\u00e9tamine<\/strong>, une drogue de synth\u00e8se particuli\u00e8rement addictive, r\u00e9v\u00e8le <a href=\"https:\/\/www.francebleu.fr\/infos\/faits-divers-justice\/le-cartel-mexicain-de-sinaloa-a-envoye-ses-chimistes-pres-de-toulon-pour-fabriquer-des-drogues-de-synthese-9599953\" rel=\"nofollow noopener\" target=\"_blank\">Ici Provence<\/a>.<\/p>\n<p class=\" wall-content\">Objectif\u2009: installer un laboratoire clandestin capable de produire des<strong> centaines de kilos de drogue<\/strong> destin\u00e9e \u00e0 <strong>l\u2019export,<\/strong> notamment vers la Nouvelle-Z\u00e9lande.<\/p>\n<p>Un d\u00e9mant\u00e8lement apr\u00e8s des mois d\u2019enqu\u00eate<\/p>\n<p class=\" wall-content\">Samedi 24\u00a0mai, le parquet de Marseille a annonc\u00e9 le d\u00e9mant\u00e8lement du r\u00e9seau apr\u00e8s une enqu\u00eate de longue haleine, entam\u00e9e en juin\u00a02024 \u00e0 la suite de l\u2019interpellation de deux personnes transportant 215\u00a0kg de m\u00e9thamph\u00e9tamine.<\/p>\n<p class=\" wall-content\">Au total, <strong>15\u00a0personnes ont \u00e9t\u00e9 arr\u00eat\u00e9es<\/strong>, dont plusieurs chefs d\u2019entreprise soup\u00e7onn\u00e9s d\u2019avoir fourni les mati\u00e8res premi\u00e8res sous couvert d\u2019activit\u00e9s l\u00e9gales.<\/p>\n<p>Une structure tr\u00e8s organis\u00e9e<\/p>\n<p class=\" wall-content\">Selon Europol, le r\u00e9seau d\u00e9mantel\u00e9 est \u00e9troitement li\u00e9 au <strong>cartel de Sinaloa<\/strong>, l\u2019un des plus puissants au Mexique. Les gendarmes de la section de recherche de Marseille ont identifi\u00e9 un <strong>organigramme pyramidal<\/strong>\u2009: un chef d\u2019origine mexicaine bas\u00e9 en Belgique, des logisticiens fran\u00e7ais dans le Var et des chimistes envoy\u00e9s directement du Mexique.<\/p>\n<p>Vid\u00e9os : en ce moment sur Actu<\/p>\n<p class=\" wall-content\">Ces \u00ab\u2009chimistes\u2009\u00bb auraient install\u00e9 un laboratoire clandestin pr\u00e8s de Toulon au printemps 2024, avant de quitter discr\u00e8tement le territoire.<\/p>\n<p class=\" wall-content\">Les deux logisticiens fran\u00e7ais arr\u00eat\u00e9s dans le Var \u00e9taient d\u00e9j\u00e0 connus pour des affaires de stup\u00e9fiants \u00e0 Toulon, d\u2019apr\u00e8s les enqu\u00eateurs.<\/p>\n<p class=\" wall-content\">Suivez toute l\u2019actualit\u00e9 de vos villes et m\u00e9dias favoris en vous inscrivant \u00e0 <a href=\"https:\/\/moncompte.actu.fr\" title=\"D\u00e9couvez Mon Actu\" rel=\"nofollow noopener\" data-trk=\"{&quot;cta&quot;:{&quot;action&quot;:&quot;https:\\\/\\\/moncompte.actu.fr&quot;,&quot;category&quot;:&quot;mon compte&quot;,&quot;from&quot;:&quot;article footer&quot;,&quot;name&quot;:&quot;Mon actu&quot;,&quot;type&quot;:&quot;cta&quot;}}\" target=\"_blank\">Mon Actu<\/a>.<\/p>\n","protected":false},"excerpt":{"rendered":"Par Valentine Exantus Publi\u00e9 le 30 mai 2025 \u00e0 12h02 C\u2019est une premi\u00e8re en France\u2009: le cartel mexicain&hellip;\n","protected":false},"author":2,"featured_media":139009,"comment_status":"","ping_status":"","sticky":false,"template":"","format":"standard","meta":{"footnotes":""},"categories":[9619],"tags":[1111,11,1052,1777,674,118,1011,27,12,1072,882,25,2310],"class_list":{"0":"post-139008","1":"post","2":"type-post","3":"status-publish","4":"format-standard","5":"has-post-thumbnail","7":"category-toulon","8":"tag-actu","9":"tag-actualites","10":"tag-drogue","11":"tag-eu","12":"tag-europe","13":"tag-faits-divers","14":"tag-fr","15":"tag-france","16":"tag-news","17":"tag-police","18":"tag-provence-alpes-cote-dazur","19":"tag-republique-francaise","20":"tag-toulon"},"share_on_mastodon":{"url":"https:\/\/pubeurope.com\/@fr\/114596334975761537","error":""},"_links":{"self":[{"href":"https:\/\/www.europesays.com\/fr\/wp-json\/wp\/v2\/posts\/139008","targetHints":{"allow":["GET"]}}],"collection":[{"href":"https:\/\/www.europesays.com\/fr\/wp-json\/wp\/v2\/posts"}],"about":[{"href":"https:\/\/www.europesays.com\/fr\/wp-json\/wp\/v2\/types\/post"}],"author":[{"embeddable":true,"href":"https:\/\/www.europesays.com\/fr\/wp-json\/wp\/v2\/users\/2"}],"replies":[{"embeddable":true,"href":"https:\/\/www.europesays.com\/fr\/wp-json\/wp\/v2\/comments?post=139008"}],"version-history":[{"count":0,"href":"https:\/\/www.europesays.com\/fr\/wp-json\/wp\/v2\/posts\/139008\/revisions"}],"wp:featuredmedia":[{"embeddable":true,"href":"https:\/\/www.europesays.com\/fr\/wp-json\/wp\/v2\/media\/139009"}],"wp:attachment":[{"href":"https:\/\/www.europesays.com\/fr\/wp-json\/wp\/v2\/media?parent=139008"}],"wp:term":[{"taxonomy":"category","embeddable":true,"href":"https:\/\/www.europesays.com\/fr\/wp-json\/wp\/v2\/categories?post=139008"},{"taxonomy":"post_tag","embeddable":true,"href":"https:\/\/www.europesays.com\/fr\/wp-json\/wp\/v2\/tags?post=139008"}],"curies":[{"name":"wp","href":"https:\/\/api.w.org\/{rel}","templated":true}]}}