{"id":139014,"date":"2025-05-30T10:36:13","date_gmt":"2025-05-30T10:36:13","guid":{"rendered":"https:\/\/www.europesays.com\/fr\/139014\/"},"modified":"2025-05-30T10:36:13","modified_gmt":"2025-05-30T10:36:13","slug":"video-montpellier-un-magicien-sest-infiltre-parmi-les-agents-dentretien-du-groupe-nicollin-au-fise","status":"publish","type":"post","link":"https:\/\/www.europesays.com\/fr\/139014\/","title":{"rendered":"Vid\u00e9o. Montpellier. Un magicien s&rsquo;est infiltr\u00e9 parmi les agents d&rsquo;entretien du groupe Nicollin au Fise"},"content":{"rendered":"<p>            Par<br \/>\n        <strong><br \/>\n            <a href=\"https:\/\/actu.fr\/auteur\/a-saliba\" title=\"Consulter tous les articles de Alexandre Saliba\" rel=\"nofollow noopener\" target=\"_blank\">Alexandre Saliba<\/a><br \/>\n        <\/strong><\/p>\n<p>        Publi\u00e9 le<\/p>\n<p>            30 mai 2025 \u00e0 11h38        <\/p>\n<p>Surprise au <strong>FISE<\/strong> ce jeudi, un agent sp\u00e9cial s\u2019est faufil\u00e9 parmi le personnel de l\u2019\u00e9v\u00e9nement et y a fait des <strong>t<\/strong><strong>ours de magie<\/strong> aux passants. En vous promenant sur les berges du Lez, vous avez peut-\u00eatre remarqu\u00e9 un <strong>agent de propret\u00e9<\/strong> avec des dons particuliers. Vous ne l\u2019avez pas imagin\u00e9, c\u2019\u00e9tait un <strong>magicien<\/strong> !<\/p>\n<p class=\" wall-content\"><a href=\"https:\/\/www.instagram.com\/reel\/DKRWeUrt9gQ\/embed\" title=\"Ouvrir le lien sur Instagram\" rel=\"nofollow noopener\" target=\"_blank\">Visualiser le contenu sur Instagram<\/a><\/p>\n<p>Une magie \u00e9cologique pour sensibiliser le public<\/p>\n<p class=\" wall-content\">C\u2019est le groupe <strong>Nicollin<\/strong> qui est \u00e0 l\u2019origine de ce divertissement inattendu. Durant les cinq jours de l\u2019\u00e9v\u00e9nement, une cinquantaine d\u2019agents d\u2019entretien se relaient pour arpenter et nettoyer les berges du Lez, afin de rendre la promenade et le FISE plus agr\u00e9ables et plus propres. Mais coup de th\u00e9\u00e2tre, l\u2019un de ces cinquante agents est en fait un magicien, et il utilise ses tours pour contribuer \u00e0 la t\u00e2che collective.<\/p>\n<p class=\" wall-content\">Des bouteilles de verre vides qui se remplissent comme par magie, des d\u00e9chets qui disparaissent, voil\u00e0 quelques-uns des <strong>miracles<\/strong> dont ce magicien a \u00e9t\u00e9 responsable ce jeudi. Mais ce spectacle n\u2019est pas tout \u00e0 fait innocent : son r\u00e9el objectif est de <strong>sensibiliser<\/strong> le public au <strong>bon tri des d\u00e9chets<\/strong>. Le tri s\u00e9lectif facilite en effet le recyclage des d\u00e9chets, et certains mat\u00e9riaux en valent le coup, comme le verre qui peut \u00eatre recycl\u00e9 de tr\u00e8s nombreuses fois.<\/p>\n<p class=\" wall-content\">Le magicien et ses tours \u00e9cologiques peuvent \u00eatre retrouv\u00e9s sur le compte Instagram du groupe Nicollin.<\/p>\n<p class=\" wall-content\">Suivez toute l\u2019actualit\u00e9 de vos villes et m\u00e9dias favoris en vous inscrivant \u00e0 <a href=\"https:\/\/moncompte.actu.fr\" title=\"D\u00e9couvez Mon Actu\" rel=\"nofollow noopener\" data-trk=\"{&quot;cta&quot;:{&quot;action&quot;:&quot;https:\\\/\\\/moncompte.actu.fr&quot;,&quot;category&quot;:&quot;mon compte&quot;,&quot;from&quot;:&quot;article footer&quot;,&quot;name&quot;:&quot;Mon actu&quot;,&quot;type&quot;:&quot;cta&quot;}}\" target=\"_blank\">Mon Actu<\/a>.<\/p>\n<p>                    <script async src=\"\/\/www.instagram.com\/embed.js\"><\/script><\/p>\n","protected":false},"excerpt":{"rendered":"Par Alexandre Saliba Publi\u00e9 le 30 mai 2025 \u00e0 11h38 Surprise au FISE ce jeudi, un agent sp\u00e9cial&hellip;\n","protected":false},"author":2,"featured_media":139015,"comment_status":"","ping_status":"","sticky":false,"template":"","format":"standard","meta":{"footnotes":""},"categories":[9599],"tags":[1111,11,1777,674,1011,27,2208,12,2680,52,25],"class_list":{"0":"post-139014","1":"post","2":"type-post","3":"status-publish","4":"format-standard","5":"has-post-thumbnail","7":"category-montpellier","8":"tag-actu","9":"tag-actualites","10":"tag-eu","11":"tag-europe","12":"tag-fr","13":"tag-france","14":"tag-montpellier","15":"tag-news","16":"tag-occitanie","17":"tag-planete","18":"tag-republique-francaise"},"share_on_mastodon":{"url":"https:\/\/pubeurope.com\/@fr\/114596346793468565","error":""},"_links":{"self":[{"href":"https:\/\/www.europesays.com\/fr\/wp-json\/wp\/v2\/posts\/139014","targetHints":{"allow":["GET"]}}],"collection":[{"href":"https:\/\/www.europesays.com\/fr\/wp-json\/wp\/v2\/posts"}],"about":[{"href":"https:\/\/www.europesays.com\/fr\/wp-json\/wp\/v2\/types\/post"}],"author":[{"embeddable":true,"href":"https:\/\/www.europesays.com\/fr\/wp-json\/wp\/v2\/users\/2"}],"replies":[{"embeddable":true,"href":"https:\/\/www.europesays.com\/fr\/wp-json\/wp\/v2\/comments?post=139014"}],"version-history":[{"count":0,"href":"https:\/\/www.europesays.com\/fr\/wp-json\/wp\/v2\/posts\/139014\/revisions"}],"wp:featuredmedia":[{"embeddable":true,"href":"https:\/\/www.europesays.com\/fr\/wp-json\/wp\/v2\/media\/139015"}],"wp:attachment":[{"href":"https:\/\/www.europesays.com\/fr\/wp-json\/wp\/v2\/media?parent=139014"}],"wp:term":[{"taxonomy":"category","embeddable":true,"href":"https:\/\/www.europesays.com\/fr\/wp-json\/wp\/v2\/categories?post=139014"},{"taxonomy":"post_tag","embeddable":true,"href":"https:\/\/www.europesays.com\/fr\/wp-json\/wp\/v2\/tags?post=139014"}],"curies":[{"name":"wp","href":"https:\/\/api.w.org\/{rel}","templated":true}]}}