{"id":139016,"date":"2025-05-30T10:39:13","date_gmt":"2025-05-30T10:39:13","guid":{"rendered":"https:\/\/www.europesays.com\/fr\/139016\/"},"modified":"2025-05-30T10:39:13","modified_gmt":"2025-05-30T10:39:13","slug":"les-zones-a-faibles-emissions-reellement-efficaces-lexemple-de-rouen","status":"publish","type":"post","link":"https:\/\/www.europesays.com\/fr\/139016\/","title":{"rendered":"Les zones \u00e0 faibles \u00e9missions r\u00e9ellement efficaces ? L&rsquo;exemple de Rouen"},"content":{"rendered":"<p>L&rsquo;Assembl\u00e9e nationale a approuv\u00e9 mercredi soir la suppression des \u00ab\u00a0zones \u00e0 faibles \u00e9missions\u00a0\u00bb.Un dispositif pens\u00e9 pour am\u00e9liorer la qualit\u00e9 de l&rsquo;air dans les agglom\u00e9rations.Mais est-ce vraiment efficace ? Exemple \u00e0 Rouen.<a href=\"https:\/\/www.tf1info.fr\/emissions\/tf1\/le-20h-11001\/\" rel=\"noopener\" class=\"jsx-3118104007 Link jsx-1428418400 jsx-640816507\" target=\"_blank\"><\/p>\n<p style=\"font-weight:400\" class=\"jsx-1837267516\">Suivez la couverture compl\u00e8te<\/p>\n<p style=\"font-weight:800\" class=\"jsx-1837267516\">Le 20H<\/p>\n<p><\/a><\/p>\n<p data-module=\"article-paragraph\" class=\"jsx-362436225 Paragraph\">L&rsquo;air est-il devenu plus respirable \u00e0 Rouen ? Depuis 2022, la ville de Seine-Maritime et 12 communes de son agglom\u00e9ration ont mis en place des ZFE, <a href=\"https:\/\/www.tf1info.fr\/environnement-ecologie\/zfe-comment-le-gouvernement-espere-gagner-la-bataille-de-la-qualite-de-l-air-zones-a-faibles-emissions-2369907.html\" target=\"_blank\" rel=\"noopener\">ces zones \u00e0 faibles \u00e9missions<\/a> \u00e9tablies pour am\u00e9liorer la qualit\u00e9 de l&rsquo;air dans les agglom\u00e9rations. Dans ces p\u00e9rim\u00e8tres, les v\u00e9hicules essence immatricul\u00e9s avant 1997 et les diesels avant 2006 sont interdits. Ils risquent m\u00eame une verbalisation.\u00a0<\/p>\n<p data-module=\"article-paragraph\" class=\"jsx-362436225 Paragraph Paragraph__End\">En trois ans, les habitants ont-ils vu une diff\u00e9rence ? \u00ab\u00a0Sur la respiration, sur la circulation, il n&rsquo;y a pas eu de modification ZFE ou pas ZFE\u00a0\u00bb, estime une r\u00e9sidente quand une autre admet que \u00ab\u00a0le fait qu&rsquo;il y ait moins de v\u00e9hicules polluants, c&rsquo;est certainement que \u00e7a limite la pollution dans les centres-villes\u00a0\u00bb. Et en effet, selon les mesures effectu\u00e9es, par endroit, dans l&rsquo;agglom\u00e9ration de Rouen, le taux de pollution a \u00e9t\u00e9 divis\u00e9 par trois entre 2019 et 2024, revenant ainsi \u00e0 des niveaux consid\u00e9r\u00e9s comme acceptables.\u00a0<\/p>\n<p><img decoding=\"async\" src=\"https:\/\/www.europesays.com\/fr\/wp-content\/uploads\/2025\/05\/comparaison-pollution-zfe-rouen-et-agglomeration-909dc3-0@1x.jpeg\" alt=\"Comparaison des taux de pollution entre 2019 et 2024 \u00e0 Rouen - TF1\" loading=\"lazy\" importance=\"low\" fetchpriority=\"low\" class=\"\"\/>Comparaison des taux de pollution entre 2019 et 2024 \u00e0 Rouen &#8211; TF1<\/p>\n<p data-module=\"article-paragraph\" class=\"jsx-362436225 Paragraph Paragraph__End\">Une baisse b\u00e9n\u00e9fique pour la sant\u00e9 des riverains. \u00ab\u00a0On a une r\u00e9duction de la fr\u00e9quentation des urgences, notamment des urgences respiratoires. On sait aussi qu&rsquo;on a moins de pics de pollution, ce qui peut \u00eatre extr\u00eamement grave pour des patients atteints par exemple de BPCO, de bronchite chronique\u00a0\u00bb, d\u00e9taille Cl\u00e9ment Drognat-Lancr\u00e9, coordinateur de Clean Cities en France, dans le reportage en t\u00eate de cet article. Selon Sant\u00e9 publique France, <a href=\"https:\/\/www.tf1info.fr\/sante\/paris-pollution-aux-particules-fines-dans-le-metro-quels-risques-pour-la-sante-2257986.html\" target=\"_blank\" rel=\"noopener\">cette baisse des particules fines permet d&rsquo;\u00e9viter des centaines de d\u00e9c\u00e8s chaque ann\u00e9e<\/a>, seulement \u00e0 Rouen. En revanche, impossible de dire si ces baisses sont uniquement dues aux ZFE, mais une chose est s\u00fbre : elles y contribuent.\u00a0<\/p>\n<ul class=\"jsx-3657663356 ReadMoreArticle__List flex flex-column\">\n<li class=\"jsx-3657663356\"><a href=\"https:\/\/www.tf1info.fr\/environnement-ecologie\/zfe-apres-le-vote-des-deputes-les-zones-a-faibles-emissions-sont-elles-definitivement-supprimees-2373778.html\" rel=\"noopener\" class=\"jsx-4233824444 Link flex\" target=\"_blank\"><img decoding=\"async\" src=\"https:\/\/www.europesays.com\/fr\/wp-content\/uploads\/2025\/05\/zones-faibles-emissions-zfe-merignac-21-mai-2025-409d00-0@1x.jpeg\" alt=\"ILLUSTRATION\" loading=\"lazy\" importance=\"low\" fetchpriority=\"low\" class=\"\"\/>\n<p class=\"jsx-3657663356 ReadMoreArticle__Title\">Lire aussi<\/p>\n<p class=\"jsx-3657663356\">ZFE : apr\u00e8s le vote des d\u00e9put\u00e9s, sont-elles d\u00e9finitivement supprim\u00e9es ?<\/p>\n<p><\/a><\/li>\n<\/ul>\n<p data-module=\"article-paragraph\" class=\"jsx-362436225 Paragraph Paragraph__End\">La mairie a investi pr\u00e8s de 50 millions d&rsquo;euros pour ces ZFE. M\u00eame si elle ne peut pas d\u00e9cider elle-m\u00eame de les maintenir, apr\u00e8s le vote \u00e0 l&rsquo;Assembl\u00e9e nationale mercredi, elle veut continuer \u00e0 faire la chasse aux v\u00e9hicules les plus polluants. \u00ab\u00a0Ce qu&rsquo;il faut, c&rsquo;est mettre en place des mesures, ici comme ailleurs, pour am\u00e9liorer la qualit\u00e9 de l&rsquo;air et permettre aux gens de changer leur mode de d\u00e9placement. Les aider beaucoup plus pour acheter une nouvelle voiture. Pour \u00e7a, il faut beaucoup de moyens. Nous, on a d\u00e9bloqu\u00e9 plus de 11 millions d&rsquo;euros, rien que sur Rouen, pour \u00e7a\u00a0\u00bb, d\u00e9taille Nicolas Mayer-Rossignol, maire de Rouen. La ville envisage d&rsquo;user de deux autres leviers pour faire baisser la pollution de l&rsquo;air : d\u00e9velopper encore le r\u00e9seau de transport en commun et de covoiturage.<\/p>\n<p>La r\u00e9daction de TF1info | Reportage TF1 : Olga LEVESQUE, Taslime MAAZOUZI, Philippe VERON<\/p>\n","protected":false},"excerpt":{"rendered":"L&rsquo;Assembl\u00e9e nationale a approuv\u00e9 mercredi soir la suppression des \u00ab\u00a0zones \u00e0 faibles \u00e9missions\u00a0\u00bb.Un dispositif pens\u00e9 pour am\u00e9liorer la&hellip;\n","protected":false},"author":2,"featured_media":139017,"comment_status":"","ping_status":"","sticky":false,"template":"","format":"standard","meta":{"footnotes":""},"categories":[9587],"tags":[1111,11,1921,51,1777,674,1011,27,1922,2952,12,5161,1800,5735,25,9590,5699,133,5737],"class_list":{"0":"post-139016","1":"post","2":"type-post","3":"status-publish","4":"format-standard","5":"has-post-thumbnail","7":"category-rouen","8":"tag-actu","9":"tag-actualites","10":"tag-article-video","11":"tag-ecologie","12":"tag-eu","13":"tag-europe","14":"tag-fr","15":"tag-france","16":"tag-info","17":"tag-le-20h","18":"tag-news","19":"tag-normandie","20":"tag-pollution","21":"tag-protection-de-lenvironnement","22":"tag-republique-francaise","23":"tag-rouen","24":"tag-sante-publique","25":"tag-video","26":"tag-video-environnement"},"share_on_mastodon":{"url":"https:\/\/pubeurope.com\/@fr\/114596358615213893","error":""},"_links":{"self":[{"href":"https:\/\/www.europesays.com\/fr\/wp-json\/wp\/v2\/posts\/139016","targetHints":{"allow":["GET"]}}],"collection":[{"href":"https:\/\/www.europesays.com\/fr\/wp-json\/wp\/v2\/posts"}],"about":[{"href":"https:\/\/www.europesays.com\/fr\/wp-json\/wp\/v2\/types\/post"}],"author":[{"embeddable":true,"href":"https:\/\/www.europesays.com\/fr\/wp-json\/wp\/v2\/users\/2"}],"replies":[{"embeddable":true,"href":"https:\/\/www.europesays.com\/fr\/wp-json\/wp\/v2\/comments?post=139016"}],"version-history":[{"count":0,"href":"https:\/\/www.europesays.com\/fr\/wp-json\/wp\/v2\/posts\/139016\/revisions"}],"wp:featuredmedia":[{"embeddable":true,"href":"https:\/\/www.europesays.com\/fr\/wp-json\/wp\/v2\/media\/139017"}],"wp:attachment":[{"href":"https:\/\/www.europesays.com\/fr\/wp-json\/wp\/v2\/media?parent=139016"}],"wp:term":[{"taxonomy":"category","embeddable":true,"href":"https:\/\/www.europesays.com\/fr\/wp-json\/wp\/v2\/categories?post=139016"},{"taxonomy":"post_tag","embeddable":true,"href":"https:\/\/www.europesays.com\/fr\/wp-json\/wp\/v2\/tags?post=139016"}],"curies":[{"name":"wp","href":"https:\/\/api.w.org\/{rel}","templated":true}]}}