{"id":139034,"date":"2025-05-30T10:48:17","date_gmt":"2025-05-30T10:48:17","guid":{"rendered":"https:\/\/www.europesays.com\/fr\/139034\/"},"modified":"2025-05-30T10:48:17","modified_gmt":"2025-05-30T10:48:17","slug":"une-journee-de-portes-ouvertes-festive-et-militante-a-lex-zad-de-notre-dame-des-landes-le","status":"publish","type":"post","link":"https:\/\/www.europesays.com\/fr\/139034\/","title":{"rendered":"Une journ\u00e9e de portes ouvertes festive et militante \u00e0 l\u2019ex-ZAD de Notre-Dame-des-Landes, le"},"content":{"rendered":"<p>L\u2019ancienne <a href=\"https:\/\/nantes.maville.com\/actu\/actudet_-a-notre-dame-des-landes-l-operation-sensible-et-discrete-de-l-etat-dans-les-vestiges-de-la-zad-_8-6574602_actu.Htm\" target=\"_blank\" rel=\"noopener\">zone \u00e0 d\u00e9fendre (ZAD) de Notre-Dame-des-Landes<\/a>, au nord de Nantes (Loire-Atlantique), vit. Une vingtaine de collectifs organisent une journ\u00e9e portes ouvertes, dimanche 8\u00a0juin, pour <strong>\u00ab<a href=\"https:\/\/nantes.maville.com\/actu\/actudet_-sept-ans-apres-la-fin-du-projet-d-aeroport-la-zad-de-notre-dame-des-landes-n-abandonne-pas-son-reve-_8-6639344_actu.Htm\" target=\"_blank\" rel=\"noopener\">\u00a0faire d\u00e9couvrir les lieux et vous pr\u00e9senter ce qu\u2019ils et elles mettent en travail sur ces belles terres sauv\u00e9es<\/a> de la b\u00e9tonisation gr\u00e2ce \u00e0 la mobilisation d\u00e9bordante de tant de personnes\u00a0\u00bb.<\/strong><\/p>\n<\/p>\n<p><a href=\"https:\/\/umap.openstreetmap.fr\/fr\/map\/zadnddl_portes-grandes-ouvertes_8-juin-2025_1225576?scaleControl=false&amp;miniMap=false&amp;scrollWheelZoom=true&amp;zoomControl=true&amp;editMode=disabled&amp;moreControl=true&amp;searchControl=null&amp;tilelayersControl=null&amp;embedControl=null&amp;datalayersControl=true&amp;onLoadPanel=none&amp;captionBar=false&amp;captionMenus=true\" target=\"_blank\" rel=\"noopener\">Voir en plein \u00e9cran<\/a><\/p>\n<p>Il y aura des visites de fermes, des balades, des projections et des expositions. Il sera possible de manger sur place. Au c\u0153ur du bocage, l\u2019association Ambazada pr\u00e9voit un temps politique,<strong> \u00ab\u00a0des rencontres internationalistes\u00a0\u00bb<\/strong>, sur la question de la jeunesse kurde. Le collectif Urgence Palestine Nantes y sera repr\u00e9sent\u00e9. 18\u00a0h sonnera l\u2019assembl\u00e9e g\u00e9n\u00e9rale ouverte pour <strong>\u00ab\u00a0donner des nouvelles de la ZAD et des r\u00e9sistances environnementales, paysannes et sociales dans la r\u00e9gion\u00a0\u00bb.<\/strong> Et \u00e0 partir de 19\u00a0h, des concerts jusqu\u2019au bout de la nuit.<\/p>\n<p><strong>Dimanche 8\u00a0juin,<\/strong> de 10\u00a0h \u00e0 18\u00a0h, \u00e0 Notre-Dame-des-Landes.\u00a0Parking central le long du chemin des Fosses-Noires. Pr\u00e9voir du liquide. Informations\u00a0: <a href=\"https:\/\/zadforever.blog\/2025\/05\/17\/portes-grandes-ouvertes_8-juin_2025\/\" target=\"_blank\" rel=\"noopener\">https:\/\/zadforever.blog\/2025\/05\/17\/portes-grandes-ouvertes_8-juin_2025\/<\/a>.<\/p>\n<p>\u00a0<\/p>\n","protected":false},"excerpt":{"rendered":"L\u2019ancienne zone \u00e0 d\u00e9fendre (ZAD) de Notre-Dame-des-Landes, au nord de Nantes (Loire-Atlantique), vit. Une vingtaine de collectifs organisent&hellip;\n","protected":false},"author":2,"featured_media":139035,"comment_status":"","ping_status":"","sticky":false,"template":"","format":"standard","meta":{"footnotes":""},"categories":[2818],"tags":[15765,1111,11,1777,674,13272,26544,1011,27,3465,3687,26545,766,12,13273,18729,2636,3761,25],"class_list":{"0":"post-139034","1":"post","2":"type-post","3":"status-publish","4":"format-standard","5":"has-post-thumbnail","7":"category-nantes","8":"tag-15765","9":"tag-actu","10":"tag-actualites","11":"tag-eu","12":"tag-europe","13":"tag-ex-zad","14":"tag-festive","15":"tag-fr","16":"tag-france","17":"tag-journee","18":"tag-juin","19":"tag-militante","20":"tag-nantes","21":"tag-news","22":"tag-notre-dame-des-landes","23":"tag-ouvertes","24":"tag-pays-de-la-loire","25":"tag-portes","26":"tag-republique-francaise"},"share_on_mastodon":{"url":"https:\/\/pubeurope.com\/@fr\/114596394017145742","error":""},"_links":{"self":[{"href":"https:\/\/www.europesays.com\/fr\/wp-json\/wp\/v2\/posts\/139034","targetHints":{"allow":["GET"]}}],"collection":[{"href":"https:\/\/www.europesays.com\/fr\/wp-json\/wp\/v2\/posts"}],"about":[{"href":"https:\/\/www.europesays.com\/fr\/wp-json\/wp\/v2\/types\/post"}],"author":[{"embeddable":true,"href":"https:\/\/www.europesays.com\/fr\/wp-json\/wp\/v2\/users\/2"}],"replies":[{"embeddable":true,"href":"https:\/\/www.europesays.com\/fr\/wp-json\/wp\/v2\/comments?post=139034"}],"version-history":[{"count":0,"href":"https:\/\/www.europesays.com\/fr\/wp-json\/wp\/v2\/posts\/139034\/revisions"}],"wp:featuredmedia":[{"embeddable":true,"href":"https:\/\/www.europesays.com\/fr\/wp-json\/wp\/v2\/media\/139035"}],"wp:attachment":[{"href":"https:\/\/www.europesays.com\/fr\/wp-json\/wp\/v2\/media?parent=139034"}],"wp:term":[{"taxonomy":"category","embeddable":true,"href":"https:\/\/www.europesays.com\/fr\/wp-json\/wp\/v2\/categories?post=139034"},{"taxonomy":"post_tag","embeddable":true,"href":"https:\/\/www.europesays.com\/fr\/wp-json\/wp\/v2\/tags?post=139034"}],"curies":[{"name":"wp","href":"https:\/\/api.w.org\/{rel}","templated":true}]}}