{"id":139036,"date":"2025-05-30T10:49:12","date_gmt":"2025-05-30T10:49:12","guid":{"rendered":"https:\/\/www.europesays.com\/fr\/139036\/"},"modified":"2025-05-30T10:49:12","modified_gmt":"2025-05-30T10:49:12","slug":"un-fermier-tente-de-poignarder-son-collegue-pres-de-nantes","status":"publish","type":"post","link":"https:\/\/www.europesays.com\/fr\/139036\/","title":{"rendered":"Un fermier tente de poignarder son coll\u00e8gue pr\u00e8s de Nantes"},"content":{"rendered":"<p>Un homme de 40 ans a \u00e9t\u00e9 mis en examen jeudi, apr\u00e8s avoir tent\u00e9 de tuer un autre travailleur d\u2019une exploitation agricole de Saint-Julien-de-Concelles.<\/p>\n<p class=\"fig-paragraph\">Les circonstances de l\u2019altercation restent encore confuses. Un homme de 40 ans a \u00e9t\u00e9 mis en examen et plac\u00e9 en d\u00e9tention provisoire, jeudi 29 mai,\u00a0<a href=\"https:\/\/www.lefigaro.fr\/nantes\" target=\"_blank\" data-fig-type=\"Section\" rel=\"noopener\" data-gtm-custom-categorie=\"navigation\" data-gtm-custom-action=\"crossclick\" data-gtm-custom-label=\"Contextuel\" data-gtm-event=\"customEventSPE\" data-fig-domain=\"LEFIGARO\">\u00e0 Nantes<\/a>\u00a0(Loire-Atlantique), dans le cadre d\u2019une information judiciaire ouverte pour \u00abtentative d\u2019homicide volontaire\u00bb, indique le parquet de Nantes. Deux jours plus t\u00f4t, ce fermier travaillant dans une exploitation agricole de Saint-Julien-de-Concelles, dans l\u2019est de l\u2019agglom\u00e9ration nantaise, avait attaqu\u00e9 au couteau l\u2019un de ses coll\u00e8gues.<\/p>\n<p class=\"fig-paragraph\">L\u2019agression s\u2019\u00e9tait d\u00e9roul\u00e9e aux alentours de 17 heures. Pour une raison \u00e0 ce jour inconnue, le suspect a d\u2019abord cherch\u00e9 \u00e0 s\u2019en prendre \u00e0 l\u2019un de ses coll\u00e8gues avant que le p\u00e8re de ce dernier n\u2019intervienne et ne finisse l\u00e9g\u00e8rement bless\u00e9 \u00e0 la cuisse. D\u2019apr\u00e8s le quotidien\u00a0<a href=\"https:\/\/www.ouest-france.fr\/faits-divers\/violences\/tentative-de-meurtre-dans-une-exploitation-agricole-pres-de-nantes-un-juge-dinstruction-saisi-4f7a473c-3c98-11f0-88b0-943c4d024772\" target=\"_blank\" rel=\"noopener\" data-gtm-custom-categorie=\"navigation\" data-gtm-custom-action=\"crossclick\" data-gtm-custom-label=\"Contextuel\" data-gtm-event=\"customEventSPE\">Ouest France<\/a>, la qualification criminelle de cette affaire a \u00e9t\u00e9 motiv\u00e9e par la concentration des attaques sur les zones vitales du torse, qui ont pu \u00eatre repouss\u00e9es par le p\u00e8re de famille. Transport\u00e9e au\u00a0<a href=\"http:\/\/www.lefigaro.fr\/nantes\/nantes-un-second-blesse-par-balles-admis-au-chu-en-une-semaine-20250307\" target=\"_blank\" data-fig-type=\"NewsFlash\" rel=\"noopener\" data-gtm-custom-categorie=\"navigation\" data-gtm-custom-action=\"crossclick\" data-gtm-custom-label=\"Contextuel\" data-gtm-event=\"customEventSPE\" data-fig-domain=\"LEFIGARO\">CHU de Nantes<\/a>, la victime s\u2019est vue prescrire trois semaines d\u2019interruption temporaire de travail.<\/p>\n<p class=\"fig-paragraph\">Alert\u00e9e, la gendarmerie a d\u00e9p\u00each\u00e9 une patrouille sur place et plac\u00e9 en garde \u00e0 vue le mis en cause. Lors de son audition, en d\u00e9but de semaine, l\u2019individu niait tous les faits qui lui \u00e9taient reproch\u00e9s.<\/p>\n","protected":false},"excerpt":{"rendered":"Un homme de 40 ans a \u00e9t\u00e9 mis en examen jeudi, apr\u00e8s avoir tent\u00e9 de tuer un autre&hellip;\n","protected":false},"author":2,"featured_media":139037,"comment_status":"","ping_status":"","sticky":false,"template":"","format":"standard","meta":{"footnotes":""},"categories":[2818],"tags":[1111,11,1777,674,462,1011,27,2640,2642,766,2638,2643,2637,2639,2646,2645,2641,2635,2644,2647,12,2636,25,5118],"class_list":{"0":"post-139036","1":"post","2":"type-post","3":"status-publish","4":"format-standard","5":"has-post-thumbnail","7":"category-nantes","8":"tag-actu","9":"tag-actualites","10":"tag-eu","11":"tag-europe","12":"tag-fc-nantes","13":"tag-fr","14":"tag-france","15":"tag-hauts-paves-saint-felix","16":"tag-ile-de-nantes","17":"tag-nantes","18":"tag-nantes-bellevue-chantenay-sainte-anne","19":"tag-nantes-breil-barberie","20":"tag-nantes-centre-ville","21":"tag-nantes-dervallieres-zola","22":"tag-nantes-doulon-bottiere","23":"tag-nantes-erdre","24":"tag-nantes-malakoff-saint-donatien","25":"tag-nantes-metropole","26":"tag-nantes-nord","27":"tag-nantes-sud","28":"tag-news","29":"tag-pays-de-la-loire","30":"tag-republique-francaise","31":"tag-tentative-de-meurtre"},"share_on_mastodon":{"url":"https:\/\/pubeurope.com\/@fr\/114596397967355354","error":""},"_links":{"self":[{"href":"https:\/\/www.europesays.com\/fr\/wp-json\/wp\/v2\/posts\/139036","targetHints":{"allow":["GET"]}}],"collection":[{"href":"https:\/\/www.europesays.com\/fr\/wp-json\/wp\/v2\/posts"}],"about":[{"href":"https:\/\/www.europesays.com\/fr\/wp-json\/wp\/v2\/types\/post"}],"author":[{"embeddable":true,"href":"https:\/\/www.europesays.com\/fr\/wp-json\/wp\/v2\/users\/2"}],"replies":[{"embeddable":true,"href":"https:\/\/www.europesays.com\/fr\/wp-json\/wp\/v2\/comments?post=139036"}],"version-history":[{"count":0,"href":"https:\/\/www.europesays.com\/fr\/wp-json\/wp\/v2\/posts\/139036\/revisions"}],"wp:featuredmedia":[{"embeddable":true,"href":"https:\/\/www.europesays.com\/fr\/wp-json\/wp\/v2\/media\/139037"}],"wp:attachment":[{"href":"https:\/\/www.europesays.com\/fr\/wp-json\/wp\/v2\/media?parent=139036"}],"wp:term":[{"taxonomy":"category","embeddable":true,"href":"https:\/\/www.europesays.com\/fr\/wp-json\/wp\/v2\/categories?post=139036"},{"taxonomy":"post_tag","embeddable":true,"href":"https:\/\/www.europesays.com\/fr\/wp-json\/wp\/v2\/tags?post=139036"}],"curies":[{"name":"wp","href":"https:\/\/api.w.org\/{rel}","templated":true}]}}