{"id":139038,"date":"2025-05-30T10:50:09","date_gmt":"2025-05-30T10:50:09","guid":{"rendered":"https:\/\/www.europesays.com\/fr\/139038\/"},"modified":"2025-05-30T10:50:09","modified_gmt":"2025-05-30T10:50:09","slug":"les-lignes-a-c-et-d-du-tram-vont-bientot-etre-interrompues-a-bordeaux-voici-les-heures-des-derniers-departs","status":"publish","type":"post","link":"https:\/\/www.europesays.com\/fr\/139038\/","title":{"rendered":"Les lignes A, C et D du tram vont bient\u00f4t \u00eatre interrompues \u00e0 Bordeaux, voici les heures des derniers d\u00e9parts"},"content":{"rendered":"<p>            Par<br \/>\n        <strong><br \/>\n            <a href=\"https:\/\/actu.fr\/auteur\/redaction-bordeaux\" title=\"Consulter tous les articles de R\u00e9daction Bordeaux\" rel=\"nofollow noopener\" target=\"_blank\">R\u00e9daction Bordeaux<\/a><br \/>\n        <\/strong><\/p>\n<p>        Publi\u00e9 le<\/p>\n<p>            30 mai 2025 \u00e0 12h32        <\/p>\n<p>Des travaux pour pr\u00e9parer des travaux. C\u2019est ce qui est pr\u00e9vu \u00e0 Bordeaux, en amont du <a href=\"https:\/\/actu.fr\/nouvelle-aquitaine\/bordeaux_33063\/les-travaux-du-pont-de-pierre-ont-demarre-a-bordeaux-quels-impacts-sur-la-circulation_62599359.html\" rel=\"nofollow noopener\" target=\"_blank\">chantier du pont de pierre<\/a> qui entre dans <strong>une nouvelle phase<\/strong> le 2 juin. Ainsi, dans la soir\u00e9e et\u00a0la nuit du 1er au 2 juin, <strong>la ligne A du tramway va \u00eatre interrompue<\/strong> \u00e0 plusieurs endroits. En parall\u00e8le, les lignes C et D seront elles aussi progressivement coup\u00e9es pour la nuit, en lien avec l\u2019arriv\u00e9e des futures lignes E et F. On fait le point.<\/p>\n<p>Les interruptions sur la ligne A<\/p>\n<p class=\" wall-content\">La ligne A sera <strong>coup\u00e9e entre Stalingrad et Sainte-Catherine<\/strong> \u00e0 partir de 21h30 le 1er juin, et <strong>entre M\u00e9rignac centre et Le Haillan Rostand<\/strong>, d\u00e8s 18 heures.\u00a0<\/p>\n<p class=\" wall-content\">Le dernier d\u00e9part de La Gardette au Haillan Rostand sera \u00e0 16h58, et de Floirac Dravemont \u00e0 l\u2019a\u00e9roport, \u00e0 20h53. Du Haillan vers La Gardette, dernier d\u00e9part 18h12 et de l\u2019a\u00e9roport vers Floirac, dernier d\u00e9part 20h46.<\/p>\n<p>Les coupures des lignes C et D<\/p>\n<p class=\" wall-content\">Les lignes C et D vont \u00eatre interrompues depuis les Quinconces jusqu\u2019aux terminus (gare de B\u00e8gles et Villenave Pyr\u00e9n\u00e9es). <strong>Le tram C ne circulera plus \u00e0 partir de 21h30<\/strong> entre Quinconces et Villenave, tout comme le D, entre Quinconces et Carle Vernet.<\/p>\n<p class=\" wall-content\">Les derniers trams partiront :<\/p>\n<p>Vid\u00e9os : en ce moment sur Actu<\/p>\n<ul class=\" wall-content\">\n<li>Du parc des Expositions vers Pyr\u00e9n\u00e9es \u00e0 20h01 et dans le sens inverse, \u00e0 20h58<\/li>\n<li>De la gare de Blanquefort vers la gare de B\u00e8gles \u00e0 19h47<\/li>\n<li>De Villenave Pyr\u00e9n\u00e9es vers la gare de Blanquefort \u00e0 20h47<\/li>\n<li>De Cantinolle vers Carle Vernet \u00e0 20h12 et dans le sens inverse, \u00e0\u00a021h15<\/li>\n<\/ul>\n<p class=\" wall-content\">Pour les usagers de la <a href=\"https:\/\/actu.fr\/tag\/gare-saint-jean\" rel=\"nofollow noopener\" target=\"_blank\">gare Saint-Jean<\/a>, le <strong>dernier tram<\/strong> en direction de la gare de Blanquefort passera \u00e0 21h08, pour le parc des Expositions \u00e0 21h19, pour la gare de B\u00e8gles \u00e0 20h25 et pour Villenave Pyr\u00e9n\u00e9es, \u00e0 20h33.<\/p>\n<p class=\" wall-content\">Des<strong> bus de substitution<\/strong> sont aussi pr\u00e9vus entre Terres Neuves et Pyr\u00e9n\u00e9es.<\/p>\n<p class=\" wall-content\">Suivez toute l\u2019actualit\u00e9 de vos villes et m\u00e9dias favoris en vous inscrivant \u00e0 <a href=\"https:\/\/moncompte.actu.fr\" title=\"D\u00e9couvez Mon Actu\" rel=\"nofollow noopener\" data-trk=\"{&quot;cta&quot;:{&quot;action&quot;:&quot;https:\\\/\\\/moncompte.actu.fr&quot;,&quot;category&quot;:&quot;mon compte&quot;,&quot;from&quot;:&quot;article footer&quot;,&quot;name&quot;:&quot;Mon actu&quot;,&quot;type&quot;:&quot;cta&quot;}}\" target=\"_blank\">Mon Actu<\/a>.<\/p>\n","protected":false},"excerpt":{"rendered":"Par R\u00e9daction Bordeaux Publi\u00e9 le 30 mai 2025 \u00e0 12h32 Des travaux pour pr\u00e9parer des travaux. C\u2019est ce&hellip;\n","protected":false},"author":2,"featured_media":25861,"comment_status":"","ping_status":"","sticky":false,"template":"","format":"standard","meta":{"footnotes":""},"categories":[2817],"tags":[1111,11,1997,1777,674,1011,27,12,2219,25,104,7952,2803],"class_list":{"0":"post-139038","1":"post","2":"type-post","3":"status-publish","4":"format-standard","5":"has-post-thumbnail","7":"category-bordeaux","8":"tag-actu","9":"tag-actualites","10":"tag-bordeaux","11":"tag-eu","12":"tag-europe","13":"tag-fr","14":"tag-france","15":"tag-news","16":"tag-nouvelle-aquitaine","17":"tag-republique-francaise","18":"tag-societe","19":"tag-tbm","20":"tag-transport"},"share_on_mastodon":{"url":"https:\/\/pubeurope.com\/@fr\/114596401903713346","error":""},"_links":{"self":[{"href":"https:\/\/www.europesays.com\/fr\/wp-json\/wp\/v2\/posts\/139038","targetHints":{"allow":["GET"]}}],"collection":[{"href":"https:\/\/www.europesays.com\/fr\/wp-json\/wp\/v2\/posts"}],"about":[{"href":"https:\/\/www.europesays.com\/fr\/wp-json\/wp\/v2\/types\/post"}],"author":[{"embeddable":true,"href":"https:\/\/www.europesays.com\/fr\/wp-json\/wp\/v2\/users\/2"}],"replies":[{"embeddable":true,"href":"https:\/\/www.europesays.com\/fr\/wp-json\/wp\/v2\/comments?post=139038"}],"version-history":[{"count":0,"href":"https:\/\/www.europesays.com\/fr\/wp-json\/wp\/v2\/posts\/139038\/revisions"}],"wp:featuredmedia":[{"embeddable":true,"href":"https:\/\/www.europesays.com\/fr\/wp-json\/wp\/v2\/media\/25861"}],"wp:attachment":[{"href":"https:\/\/www.europesays.com\/fr\/wp-json\/wp\/v2\/media?parent=139038"}],"wp:term":[{"taxonomy":"category","embeddable":true,"href":"https:\/\/www.europesays.com\/fr\/wp-json\/wp\/v2\/categories?post=139038"},{"taxonomy":"post_tag","embeddable":true,"href":"https:\/\/www.europesays.com\/fr\/wp-json\/wp\/v2\/tags?post=139038"}],"curies":[{"name":"wp","href":"https:\/\/api.w.org\/{rel}","templated":true}]}}