{"id":13905,"date":"2025-04-10T01:01:12","date_gmt":"2025-04-10T01:01:12","guid":{"rendered":"https:\/\/www.europesays.com\/fr\/13905\/"},"modified":"2025-04-10T01:01:12","modified_gmt":"2025-04-10T01:01:12","slug":"durcissement-en-vue-de-la-legislation-europeenne-en-matiere-de-pollution-plastique","status":"publish","type":"post","link":"https:\/\/www.europesays.com\/fr\/13905\/","title":{"rendered":"Durcissement en vue de la l\u00e9gislation europ\u00e9enne en mati\u00e8re de pollution plastique"},"content":{"rendered":"<p>\n      Un accord provisoire a \u00e9t\u00e9 trouv\u00e9 entre le Parlement et le Conseil europ\u00e9en pour renforcer la l\u00e9gislation visant \u00e0 pr\u00e9venir les pertes de granul\u00e9s plastiques dans l\u2019environnement. Le transport maritime fait partie des secteurs qui devront s\u2019adapter.\n    <\/p>\n<p>Ils sont perdus tout au long de la cha\u00eene de valeur du plastique, y compris lors du transport, notamment en mer. Les granul\u00e9s plastiques industriels (GPI), ces microbilles \u00e0 la base de la fabrication des produits plastique, sont depuis plusieurs ann\u00e9es dans le collimateur de l\u2019Union europ\u00e9enne, qui a donc annonc\u00e9 qu\u2019un accord avait \u00e9t\u00e9 trouv\u00e9 pour endiguer cette pollution qui porte durablement atteinte aux \u00e9cosyst\u00e8mes et \u00e0 la biodiversit\u00e9, ces microplastiques \u00e9tant persistants, mobiles et extr\u00eamement difficiles \u00e0 \u00e9liminer.<\/p>\n<p>\u00ab\u00a0Encore aujourd&rsquo;hui, de nombreux granul\u00e9s plastiques sont perdus lors des op\u00e9rations quotidiennes dans les installations de manutention ou pendant le transport, finissant dans l&rsquo;environnement, notamment en mer, en raison d&rsquo;une gestion inad\u00e9quate par les op\u00e9rateurs maritimes et autres\u00a0\u00bb, indique la Commission europ\u00e9enne, en r\u00e9f\u00e9rence notamment au <a href=\"https:\/\/www.meretmarine.com\/fr\/marine-marchande\/collision-en-mer-du-nord-le-solong-va-etre-remorque-vers-aberdeen\" target=\"_blank\" rel=\"noopener\">r\u00e9cent accident en mer du Nord, qui a conduit au d\u00e9versement de milliers de GPI en mer et sur le littoral britannique<\/a>. Elle estime qu&rsquo;en 2022, le transport maritime repr\u00e9sentait environ 38% de l&rsquo;ensemble des granul\u00e9s transport\u00e9s dans l&rsquo;Union europ\u00e9enne.<\/p>\n<p>Une fois le texte en vigueur, d&rsquo;ici quelques mois, les entreprises manipulant plus de 1500 tonnes de GPI par an devront obtenir une certification, r\u00e9guli\u00e8rement renouvelable, aupr\u00e8s d&rsquo;un organisme ind\u00e9pendant, et risqueront des sanctions en cas de manquements. \u00ab\u00a0En dessous de ce seuil, seule une autod\u00e9claration sera requise\u00a0\u00bb, pr\u00e9cise Bruxelles, ce qui limite la port\u00e9e du futur r\u00e8glement, selon plusieurs ONG environnementales.<\/p>\n<p>Les op\u00e9rateurs \u00e9conomiques et transporteurs devront en outre \u00ab\u00a0suivre des mesures optimales de gestion pour pr\u00e9venir, contenir et nettoyer les pertes\u00a0\u00bb. Une obligation de signalement est \u00e9galement pr\u00e9vue. \u00ab\u00a0Les col\u00e9gislateurs se sont \u00e9galement mis d&rsquo;accord pour \u00e9tablir des obligations concernant le transport de granul\u00e9s plastiques par voie maritime (dans des conteneurs), y compris en veillant \u00e0 ce que les emballages soient de bonne qualit\u00e9 et en fournissant les informations relatives au transport et \u00e0 la cargaison, conform\u00e9ment aux directives de l&rsquo;Organisation maritime internationale\u00a0\u00bb, pr\u00e9cise pour sa part le Conseil europ\u00e9en.<\/p>\n<p>Le sujet fait justement partie des points abord\u00e9s dans le cadre de la <a href=\"https:\/\/www.meretmarine.com\/fr\/marine-marchande\/l-omi-devrait-desormais-finaliser-la-trajectoire-vers-le-zero-emission-des-navires\" target=\"_blank\" rel=\"noopener\">83\u1d49 session du Comit\u00e9 de la protection du milieu marin (MEPC 83)<\/a>, qui se d\u00e9roule jusqu\u2019au 11 avril au si\u00e8ge de l\u2019OMI, \u00e0 Londres. En mars 2024, l&rsquo;instance mondiale charg\u00e9e de r\u00e9guler la navigation et la s\u00e9curit\u00e9 maritime avait adopt\u00e9 des recommandations concernant l\u2019emballage des microbilles (\u00ab de bonne qualit\u00e9 et suffisamment solides \u00bb), une information claire permettant d\u2019identifier les conteneurs renfermant des granul\u00e9s, et l\u2019arrimage, id\u00e9alement sous pont, de ces conteneurs. Des recommandations qui ont vocation \u00e0 devenir obligatoires.<\/p>\n<p><strong>\u00a9 Un article de la r\u00e9daction de Mer et Marine. Reproduction interdite sans consentement du ou des auteurs.<\/strong><\/p>\n<p>\u00a0<\/p>\n","protected":false},"excerpt":{"rendered":"Un accord provisoire a \u00e9t\u00e9 trouv\u00e9 entre le Parlement et le Conseil europ\u00e9en pour renforcer la l\u00e9gislation visant&hellip;\n","protected":false},"author":2,"featured_media":13906,"comment_status":"","ping_status":"","sticky":false,"template":"","format":"standard","meta":{"footnotes":""},"categories":[1586],"tags":[11,6130,6141,6131,6138,2380,6135,554,1777,6136,674,1779,1011,27,6139,6134,3135,6128,567,6129,6127,12,6132,4838,6133,25,6140,6137,1778,364],"class_list":{"0":"post-13905","1":"post","2":"type-post","3":"status-publish","4":"format-standard","5":"has-post-thumbnail","7":"category-europe","8":"tag-actualites","9":"tag-chantiers","10":"tag-commando","11":"tag-construction-navale","12":"tag-costa","13":"tag-croisiere","14":"tag-dcns","15":"tag-defense","16":"tag-eu","17":"tag-euronaval","18":"tag-europe","19":"tag-european-union","20":"tag-fr","21":"tag-france","22":"tag-fremm","23":"tag-interviews","24":"tag-littoral","25":"tag-marine","26":"tag-marine-nationale","27":"tag-maritime","28":"tag-mer","29":"tag-news","30":"tag-offshore","31":"tag-peche","32":"tag-reportages","33":"tag-republique-francaise","34":"tag-sncm","35":"tag-stx","36":"tag-ue","37":"tag-union-europeenne"},"share_on_mastodon":{"url":"https:\/\/pubeurope.com\/@fr\/114310970293038774","error":""},"_links":{"self":[{"href":"https:\/\/www.europesays.com\/fr\/wp-json\/wp\/v2\/posts\/13905","targetHints":{"allow":["GET"]}}],"collection":[{"href":"https:\/\/www.europesays.com\/fr\/wp-json\/wp\/v2\/posts"}],"about":[{"href":"https:\/\/www.europesays.com\/fr\/wp-json\/wp\/v2\/types\/post"}],"author":[{"embeddable":true,"href":"https:\/\/www.europesays.com\/fr\/wp-json\/wp\/v2\/users\/2"}],"replies":[{"embeddable":true,"href":"https:\/\/www.europesays.com\/fr\/wp-json\/wp\/v2\/comments?post=13905"}],"version-history":[{"count":0,"href":"https:\/\/www.europesays.com\/fr\/wp-json\/wp\/v2\/posts\/13905\/revisions"}],"wp:featuredmedia":[{"embeddable":true,"href":"https:\/\/www.europesays.com\/fr\/wp-json\/wp\/v2\/media\/13906"}],"wp:attachment":[{"href":"https:\/\/www.europesays.com\/fr\/wp-json\/wp\/v2\/media?parent=13905"}],"wp:term":[{"taxonomy":"category","embeddable":true,"href":"https:\/\/www.europesays.com\/fr\/wp-json\/wp\/v2\/categories?post=13905"},{"taxonomy":"post_tag","embeddable":true,"href":"https:\/\/www.europesays.com\/fr\/wp-json\/wp\/v2\/tags?post=13905"}],"curies":[{"name":"wp","href":"https:\/\/api.w.org\/{rel}","templated":true}]}}