{"id":139052,"date":"2025-05-30T10:58:09","date_gmt":"2025-05-30T10:58:09","guid":{"rendered":"https:\/\/www.europesays.com\/fr\/139052\/"},"modified":"2025-05-30T10:58:09","modified_gmt":"2025-05-30T10:58:09","slug":"un-atelier-creatif-aux-robes-ephemeres","status":"publish","type":"post","link":"https:\/\/www.europesays.com\/fr\/139052\/","title":{"rendered":"un atelier cr\u00e9atif aux robes \u00e9ph\u00e9m\u00e8res"},"content":{"rendered":"<p>Tout a commenc\u00e9 sur un jeu de mots\u00a0: en discutant autour d\u2019un projet de \u00ab\u00a0d\u00e9fil\u00e9 de culture\u00a0\u00bb l\u2019expression \u00ab\u00a0haute culture\u00a0\u00bb a jailli, comme un clin d\u2019\u0153il \u00e0 la haute couture. Pourquoi ne pas cr\u00e9er un v\u00e9ritable d\u00e9fil\u00e9\u00a0? L\u2019id\u00e9e a germ\u00e9, et tr\u00e8s vite, elle a pris forme entre les mains habiles de ces cr\u00e9atrices de l\u2019\u00e9ph\u00e9m\u00e8re.<\/p>\n<p>Autour de mannequins, elles travaillent seules ou en duo, selon les envies et les disponibilit\u00e9s, parfois \u00e0 l\u2019atelier, parfois chez elles. Ce qui les r\u00e9unit\u00a0: la passion de cr\u00e9er \u00e0 partir de mat\u00e9riaux de r\u00e9cup\u00e9ration. Cartes&#8230;<\/p>\n","protected":false},"excerpt":{"rendered":"Tout a commenc\u00e9 sur un jeu de mots\u00a0: en discutant autour d\u2019un projet de \u00ab\u00a0d\u00e9fil\u00e9 de culture\u00a0\u00bb l\u2019expression&hellip;\n","protected":false},"author":2,"featured_media":139053,"comment_status":"","ping_status":"","sticky":false,"template":"","format":"standard","meta":{"footnotes":""},"categories":[1889],"tags":[1111,11,2430,1687,11743,1777,674,2271,107,1011,27,2428,11742,12,25,26546],"class_list":{"0":"post-139052","1":"post","2":"type-post","3":"status-publish","4":"format-standard","5":"has-post-thumbnail","7":"category-lyon","8":"tag-actu","9":"tag-actualites","10":"tag-auvergne-rhone-alpes","11":"tag-culture-loisirs","12":"tag-edition-haute-cote-dor","13":"tag-eu","14":"tag-europe","15":"tag-exposition-arts-plastiques","16":"tag-fil-info","17":"tag-fr","18":"tag-france","19":"tag-lyon","20":"tag-montbard-bassin","21":"tag-news","22":"tag-republique-francaise","23":"tag-touillon"},"share_on_mastodon":{"url":"https:\/\/pubeurope.com\/@fr\/114596433465083068","error":""},"_links":{"self":[{"href":"https:\/\/www.europesays.com\/fr\/wp-json\/wp\/v2\/posts\/139052","targetHints":{"allow":["GET"]}}],"collection":[{"href":"https:\/\/www.europesays.com\/fr\/wp-json\/wp\/v2\/posts"}],"about":[{"href":"https:\/\/www.europesays.com\/fr\/wp-json\/wp\/v2\/types\/post"}],"author":[{"embeddable":true,"href":"https:\/\/www.europesays.com\/fr\/wp-json\/wp\/v2\/users\/2"}],"replies":[{"embeddable":true,"href":"https:\/\/www.europesays.com\/fr\/wp-json\/wp\/v2\/comments?post=139052"}],"version-history":[{"count":0,"href":"https:\/\/www.europesays.com\/fr\/wp-json\/wp\/v2\/posts\/139052\/revisions"}],"wp:featuredmedia":[{"embeddable":true,"href":"https:\/\/www.europesays.com\/fr\/wp-json\/wp\/v2\/media\/139053"}],"wp:attachment":[{"href":"https:\/\/www.europesays.com\/fr\/wp-json\/wp\/v2\/media?parent=139052"}],"wp:term":[{"taxonomy":"category","embeddable":true,"href":"https:\/\/www.europesays.com\/fr\/wp-json\/wp\/v2\/categories?post=139052"},{"taxonomy":"post_tag","embeddable":true,"href":"https:\/\/www.europesays.com\/fr\/wp-json\/wp\/v2\/tags?post=139052"}],"curies":[{"name":"wp","href":"https:\/\/api.w.org\/{rel}","templated":true}]}}