{"id":139061,"date":"2025-05-30T11:03:10","date_gmt":"2025-05-30T11:03:10","guid":{"rendered":"https:\/\/www.europesays.com\/fr\/139061\/"},"modified":"2025-05-30T11:03:10","modified_gmt":"2025-05-30T11:03:10","slug":"un-neonazi-allemand-expulse-par-la-france-apres-une-marche-dultradroite-a-paris","status":"publish","type":"post","link":"https:\/\/www.europesays.com\/fr\/139061\/","title":{"rendered":"un n\u00e9onazi allemand expuls\u00e9 par la France apr\u00e8s une marche d&rsquo;ultradroite \u00e0 Paris"},"content":{"rendered":"<p><img decoding=\"async\" class=\"caas-img caas-lazy has-preview\" src=\"https:\/\/www.europesays.com\/fr\/wp-content\/uploads\/2025\/05\/bdb453d5477a851e593bea59629b0b32.jpeg\"\/><\/p>\n<p>Un <a href=\"https:\/\/fr.news.yahoo.com\/allemagne-n%C3%A9onazi-meurt-lors-dune-123317224.html\" data-ylk=\"slk:n\u00e9onazi;elm:context_link;itc:0;sec:content-canvas;outcm:mb_qualified_link;_E:mb_qualified_link;ct:story;\" class=\"link  yahoo-link\" target=\"_blank\" rel=\"noopener\">n\u00e9onazi<\/a> allemand de 24 ans a \u00e9t\u00e9 expuls\u00e9 du territoire fran\u00e7ais, ce mardi 20 mai, a appris BFMTV de sources concordantes. La police lui reproche sa participation \u00e0 une marche n\u00e9onazie \u00e0 Paris le 10 mai, organis\u00e9e par un groupuscule d&rsquo;extr\u00eame droite, le <a href=\"https:\/\/www.bfmtv.com\/paris\/paris-1-000-militants-d-ultradroite-defilent-a-paris-a-l-appel-du-comite-du-9-mai_AV-202505100319.html\" rel=\"nofollow noopener\" target=\"_blank\" data-ylk=\"slk:&quot;Comit\u00e9 du 9 Mai&quot; (C9M);elm:context_link;itc:0;sec:content-canvas\" class=\"link \">\u00ab\u00a0Comit\u00e9 du 9 Mai\u00a0\u00bb (C9M)<\/a>, au cours de laquelle un millier de militant ont d\u00e9fil\u00e9 au pas de l&rsquo;oie, sous des drapeaux noirs orn\u00e9s de croix celtiques.<\/p>\n<p>Deux jours plus tard, le 12 mai, le pr\u00e9fet de police de Paris, Laurent Nu\u00f1ez a d\u00e9livr\u00e9 \u00e0 son encontre une obligation de quitter le territoire fran\u00e7ais (OQTF). Une d\u00e9cision assez rare s&rsquo;agissant d&rsquo;un ressortissant europ\u00e9en.<\/p>\n<p>\u00ab\u00a0Habill\u00e9 d&rsquo;une tenue rappelant les jeunesses hitl\u00e9riennes\u00a0\u00bb et en portant des \u00ab\u00a0insignes n\u00e9onazis\u00a0\u00bb, cet individu \u00ab\u00a0a \u00e9t\u00e9 vu faisant un salut nazi avec la main lev\u00e9e et en claquant les talons\u00a0\u00bb, a d\u00e9taill\u00e9 le tribunal administratif de Paris, dans une d\u00e9cision rendue ce 16 mai.<\/p>\n<p>Cet activiste allemand avait contest\u00e9 son OQTF devant la justice administrative: celle-ci a rejet\u00e9 sa demande.<\/p>\n<p>\u00ab\u00a0Une menace pour l&rsquo;ordre public\u00a0\u00bb<\/p>\n<p>Le tribunal affirm\u00e9 \u00e9galement qu&rsquo;il avait menti aux autorit\u00e9s lorsqu&rsquo;il a d\u00e9clar\u00e9 \u00eatre venu en France pour le week-end: au contraire, il \u00e9tait venu \u00ab\u00a0sans ambigu\u00eft\u00e9\u00a0\u00bb dans le seul but de d\u00e9filer aux c\u00f4t\u00e9s des militants du C9M. Il ne pr\u00e9sentait, en outre, pas de documents d\u2019identit\u00e9 valides.<\/p>\n<p>Son comportement \u00e0 ce d\u00e9fil\u00e9 rel\u00e8ve de \u00ab\u00a0faits gravissimes qui mettent en p\u00e9ril la d\u00e9mocratie et comportent un danger \u00e0 la pr\u00e9servation de l&rsquo;ordre public en raison des messages de haine et de propos discriminatoires [prof\u00e9r\u00e9s]\u00a0\u00bb, poursuit le juge administratif. Sa pr\u00e9sence constitue \u00ab\u00a0une menace pour l&rsquo;ordre public\u00a0\u00bb, conclut-il.<\/p>\n<p>Le ressortissant allemand a \u00e9t\u00e9 plac\u00e9 au Centre de r\u00e9tention administrative (CRA) de Vincennes avant d&rsquo;\u00eatre expuls\u00e9 vers l&rsquo;Allemagne. Il a interdiction de revenir en France pour une dur\u00e9e de deux ans. Contact\u00e9 par BFMTV, son avocat, Me Pierre-Marie Bonneau, a indiqu\u00e9 qu\u2019il allait faire appel de son expulsion.<\/p>\n<p><a href=\"https:\/\/www.bfmtv.com\/police-justice\/info-bfmtv-salut-nazi-menace-pour-l-ordre-public-un-neonazi-allemand-expulse-par-la-france-apres-une-marche-d-ultradroite-a-paris_AN-202505300381.html#xtor=AL-68\" rel=\"nofollow noopener\" target=\"_blank\" data-ylk=\"slk:Article original publi\u00e9 sur BFMTV.com;elm:context_link;itc:0;sec:content-canvas\" class=\"link \">Article original publi\u00e9 sur BFMTV.com<\/a><\/p>\n","protected":false},"excerpt":{"rendered":"Un n\u00e9onazi allemand de 24 ans a \u00e9t\u00e9 expuls\u00e9 du territoire fran\u00e7ais, ce mardi 20 mai, a appris&hellip;\n","protected":false},"author":2,"featured_media":139062,"comment_status":"","ping_status":"","sticky":false,"template":"","format":"standard","meta":{"footnotes":""},"categories":[1888],"tags":[1111,1928,11,1927,26549,1777,674,26551,1011,27,26550,12,1926,4347,626,1925,25,26548,26547],"class_list":{"0":"post-139061","1":"post","2":"type-post","3":"status-publish","4":"format-standard","5":"has-post-thumbnail","7":"category-paris","8":"tag-actu","9":"tag-actu-paris","10":"tag-actualites","11":"tag-actualites-paris","12":"tag-centre-de-retention-administrative","13":"tag-eu","14":"tag-europe","15":"tag-expulse","16":"tag-fr","17":"tag-france","18":"tag-lordre-public","19":"tag-news","20":"tag-news-paris","21":"tag-oqtf","22":"tag-paris","23":"tag-paris-news","24":"tag-republique-francaise","25":"tag-ressortissant-europeen","26":"tag-territoire-francais"},"share_on_mastodon":{"url":"https:\/\/pubeurope.com\/@fr\/114596453030735791","error":""},"_links":{"self":[{"href":"https:\/\/www.europesays.com\/fr\/wp-json\/wp\/v2\/posts\/139061","targetHints":{"allow":["GET"]}}],"collection":[{"href":"https:\/\/www.europesays.com\/fr\/wp-json\/wp\/v2\/posts"}],"about":[{"href":"https:\/\/www.europesays.com\/fr\/wp-json\/wp\/v2\/types\/post"}],"author":[{"embeddable":true,"href":"https:\/\/www.europesays.com\/fr\/wp-json\/wp\/v2\/users\/2"}],"replies":[{"embeddable":true,"href":"https:\/\/www.europesays.com\/fr\/wp-json\/wp\/v2\/comments?post=139061"}],"version-history":[{"count":0,"href":"https:\/\/www.europesays.com\/fr\/wp-json\/wp\/v2\/posts\/139061\/revisions"}],"wp:featuredmedia":[{"embeddable":true,"href":"https:\/\/www.europesays.com\/fr\/wp-json\/wp\/v2\/media\/139062"}],"wp:attachment":[{"href":"https:\/\/www.europesays.com\/fr\/wp-json\/wp\/v2\/media?parent=139061"}],"wp:term":[{"taxonomy":"category","embeddable":true,"href":"https:\/\/www.europesays.com\/fr\/wp-json\/wp\/v2\/categories?post=139061"},{"taxonomy":"post_tag","embeddable":true,"href":"https:\/\/www.europesays.com\/fr\/wp-json\/wp\/v2\/tags?post=139061"}],"curies":[{"name":"wp","href":"https:\/\/api.w.org\/{rel}","templated":true}]}}