{"id":139065,"date":"2025-05-30T11:05:09","date_gmt":"2025-05-30T11:05:09","guid":{"rendered":"https:\/\/www.europesays.com\/fr\/139065\/"},"modified":"2025-05-30T11:05:09","modified_gmt":"2025-05-30T11:05:09","slug":"guingamp-ou-voir-le-match-du-paris-saint-germain-en-finale-de-la-ligue-des-champions-de-football","status":"publish","type":"post","link":"https:\/\/www.europesays.com\/fr\/139065\/","title":{"rendered":"Guingamp. O\u00f9 voir le match du Paris Saint-Germain en finale de la Ligue des champions de football"},"content":{"rendered":"<p>            Par<br \/>\n        <strong><br \/>\n            <a href=\"https:\/\/actu.fr\/auteur\/journaliste-lechoarmoretargoat\" title=\"Consulter tous les articles de R\u00e9daction Guingamp\" rel=\"nofollow noopener\" target=\"_blank\">R\u00e9daction Guingamp<\/a><br \/>\n        <\/strong><\/p>\n<p>        Publi\u00e9 le<\/p>\n<p>            30 mai 2025 \u00e0 12h46        <\/p>\n<p>Le Paris Saint-Germain (PSG) joue la finale de la prestigieuse Ligue des champions, ce samedi soir 31 mai, face au club italien de l\u2019Inter Milan.<br \/>Le match d\u00e9bute \u00e0 21\u2009h, il se joue \u00e0 l\u2019Allianz Arena de Munich, en Allemagne. Il est diffus\u00e9 en direct sur M6 et Canal+.<\/p>\n<p class=\" wall-content\">La pr\u00e9sence d\u2019un club fran\u00e7ais en finale de la reine des coupes d\u2019Europe est chose rare, autant dire que l\u2019audience devrait \u00eatre \u00e0 la hauteur de l\u2019\u00e9v\u00e9nement.<\/p>\n<p class=\" wall-content\">Et parce qu\u2019un match de football s\u2019appr\u00e9cie encore mieux ensemble, plusieurs bars de Guingamp le diffusent.<\/p>\n<p>Au P\u2019tit Bonheur, rond-point de Verdun<\/p>\n<p class=\" wall-content\">Le match sera propos\u00e9 \u00e0 l\u2019ext\u00e9rieur, pour les amateurs de terrasse, sur un grand \u00e9cran de deux m\u00e8tres. \u00c0 l\u2019int\u00e9rieur \u00e9galement, projet\u00e9 en grand format sur un mur. Depuis le d\u00e9but de la saison, <a href=\"https:\/\/www.auptitbonheur.bzh\/\" rel=\"nofollow noopener\" target=\"_blank\">Au P\u2019tit Bonheur<\/a> a diffus\u00e9 tous les matches de Brest et du PSG, dans la comp\u00e9tition. Le bar fermera \u00e0 1 h du matin.<\/p>\n<p>Au Campbells Club, place Saint-Michel<\/p>\n<p class=\" wall-content\">L\u2019\u00e9tablissement est un sp\u00e9cialiste de la diffusion des matches de foot. <a href=\"https:\/\/www.facebook.com\/LeCampbells\/?locale=fr_FR\" rel=\"nofollow noopener\" target=\"_blank\">Le Campbells Club<\/a> sera au rendez-vous samedi soir 31 mai, \u00e0 l\u2019int\u00e9rieur du bar, sur grand \u00e9cran. En bonus, la soir\u00e9e se poursuivra en musique avec Dj Lazlo, jusqu\u2019au bout de la nuit.<\/p>\n<p>Vid\u00e9os : en ce moment sur ActuChez Orge et Houblon, \u00e0 Runanvizit<\/p>\n<p class=\" wall-content\">Trois \u00e9crans, deux en int\u00e9rieur et un en ext\u00e9rieur, seront install\u00e9s au bar pour la projection du match. Celui-ci poss\u00e8de un peu plus de 150 places assises et fermera \u00e0 la fin du match. <a href=\"https:\/\/www.orge-houblon.com\/guingamp_cd1_207.html\" rel=\"nofollow noopener\" target=\"_blank\">Orge et Houblon<\/a> organise deux \u00e0 trois \u00e9v\u00e9nements par mois et les \u00e9v\u00e9nements sportifs sont r\u00e9guli\u00e8rement diffus\u00e9s dans l\u2019\u00e9tablissement.<\/p>\n<p class=\" wall-content\">Suivez toute l\u2019actualit\u00e9 de vos villes et m\u00e9dias favoris en vous inscrivant \u00e0 <a href=\"https:\/\/moncompte.actu.fr\" title=\"D\u00e9couvez Mon Actu\" rel=\"nofollow noopener\" data-trk=\"{&quot;cta&quot;:{&quot;action&quot;:&quot;https:\\\/\\\/moncompte.actu.fr&quot;,&quot;category&quot;:&quot;mon compte&quot;,&quot;from&quot;:&quot;article footer&quot;,&quot;name&quot;:&quot;Mon actu&quot;,&quot;type&quot;:&quot;cta&quot;}}\" target=\"_blank\">Mon Actu<\/a>.<\/p>\n","protected":false},"excerpt":{"rendered":"Par R\u00e9daction Guingamp Publi\u00e9 le 30 mai 2025 \u00e0 12h46 Le Paris Saint-Germain (PSG) joue la finale de&hellip;\n","protected":false},"author":2,"featured_media":139066,"comment_status":"","ping_status":"","sticky":false,"template":"","format":"standard","meta":{"footnotes":""},"categories":[1888],"tags":[11,1777,674,1011,27,447,12,626,2332,25,104,252],"class_list":{"0":"post-139065","1":"post","2":"type-post","3":"status-publish","4":"format-standard","5":"has-post-thumbnail","7":"category-paris","8":"tag-actualites","9":"tag-eu","10":"tag-europe","11":"tag-fr","12":"tag-france","13":"tag-ligue-des-champions","14":"tag-news","15":"tag-paris","16":"tag-paris-saint-germain-psg","17":"tag-republique-francaise","18":"tag-societe","19":"tag-television"},"share_on_mastodon":{"url":"https:\/\/pubeurope.com\/@fr\/114596460875735741","error":""},"_links":{"self":[{"href":"https:\/\/www.europesays.com\/fr\/wp-json\/wp\/v2\/posts\/139065","targetHints":{"allow":["GET"]}}],"collection":[{"href":"https:\/\/www.europesays.com\/fr\/wp-json\/wp\/v2\/posts"}],"about":[{"href":"https:\/\/www.europesays.com\/fr\/wp-json\/wp\/v2\/types\/post"}],"author":[{"embeddable":true,"href":"https:\/\/www.europesays.com\/fr\/wp-json\/wp\/v2\/users\/2"}],"replies":[{"embeddable":true,"href":"https:\/\/www.europesays.com\/fr\/wp-json\/wp\/v2\/comments?post=139065"}],"version-history":[{"count":0,"href":"https:\/\/www.europesays.com\/fr\/wp-json\/wp\/v2\/posts\/139065\/revisions"}],"wp:featuredmedia":[{"embeddable":true,"href":"https:\/\/www.europesays.com\/fr\/wp-json\/wp\/v2\/media\/139066"}],"wp:attachment":[{"href":"https:\/\/www.europesays.com\/fr\/wp-json\/wp\/v2\/media?parent=139065"}],"wp:term":[{"taxonomy":"category","embeddable":true,"href":"https:\/\/www.europesays.com\/fr\/wp-json\/wp\/v2\/categories?post=139065"},{"taxonomy":"post_tag","embeddable":true,"href":"https:\/\/www.europesays.com\/fr\/wp-json\/wp\/v2\/tags?post=139065"}],"curies":[{"name":"wp","href":"https:\/\/api.w.org\/{rel}","templated":true}]}}