{"id":139069,"date":"2025-05-30T11:07:12","date_gmt":"2025-05-30T11:07:12","guid":{"rendered":"https:\/\/www.europesays.com\/fr\/139069\/"},"modified":"2025-05-30T11:07:12","modified_gmt":"2025-05-30T11:07:12","slug":"le-kremlin-ecarte-lidee-dune-rencontre-poutine-zelensky-trump-erdogan","status":"publish","type":"post","link":"https:\/\/www.europesays.com\/fr\/139069\/","title":{"rendered":"le Kremlin \u00e9carte l&rsquo;id\u00e9e d&rsquo;une rencontre Poutine-Zelensky-Trump-Erdogan"},"content":{"rendered":"<p>Le porte-parole du Kremlin, Dmitri Peskov, a aussi affirm\u00e9 que la Russie enverrait une d\u00e9l\u00e9gation qui sera \u00abpr\u00eate\u00bb pour de nouveaux pourparlers avec l\u2019Ukraine ce lundi \u00e0 Istanbul.<\/p>\n<p class=\"fig-paragraph\">Le Kremlin a \u00e9cart\u00e9 vendredi 30 mai 2025 une rencontre propos\u00e9e par la\u00a0<a href=\"https:\/\/www.lefigaro.fr\/tag\/turquie\" target=\"_blank\" rel=\"noopener nofollow\" data-gtm-custom-categorie=\"navigation\" data-gtm-custom-action=\"crossclick\" data-gtm-custom-label=\"Contextuel\" data-gtm-event=\"customEventSPE\">Turquie<\/a>\u00a0entre\u00a0<a href=\"https:\/\/www.lefigaro.fr\/tag\/vladimir-poutine\" target=\"_blank\" rel=\"noopener nofollow\" data-gtm-custom-categorie=\"navigation\" data-gtm-custom-action=\"crossclick\" data-gtm-custom-label=\"Contextuel\" data-gtm-event=\"customEventSPE\">Vladimir Poutine<\/a>,\u00a0<a href=\"https:\/\/www.lefigaro.fr\/tag\/volodymyr-zelensky\" target=\"_blank\" rel=\"noopener nofollow\" data-gtm-custom-categorie=\"navigation\" data-gtm-custom-action=\"crossclick\" data-gtm-custom-label=\"Contextuel\" data-gtm-event=\"customEventSPE\">Volodymyr Zelensky<\/a>\u00a0et\u00a0<a href=\"http:\/\/www.lefigaro.fr\/international\/face-aux-tentatives-d-annexion-de-donald-trump-le-roi-charles-iii-au-secours-de-ses-sujets-canadiens-20250526\" target=\"_blank\" data-fig-type=\"Article\" rel=\"noopener nofollow\" data-gtm-custom-categorie=\"navigation\" data-gtm-custom-action=\"crossclick\" data-gtm-custom-label=\"Contextuel\" data-gtm-event=\"customEventSPE\" data-fig-domain=\"LEFIGARO\">Donald Trump<\/a>, sous l&rsquo;\u00e9gide de\u00a0<a href=\"https:\/\/www.lefigaro.fr\/tag\/recep-tayyip-erdogan\" target=\"_blank\" rel=\"noopener nofollow\" data-gtm-custom-categorie=\"navigation\" data-gtm-custom-action=\"crossclick\" data-gtm-custom-label=\"Contextuel\" data-gtm-event=\"customEventSPE\">Recep Tayyip Erdogan<\/a>, conditionnant tout sommet de ce type \u00e0 l&rsquo;obtention de \u00abr\u00e9sultats\u00bb dans les n\u00e9gociations avec Kiev.<\/p>\n<p class=\"fig-paragraph\">Le porte-parole du Kremlin, Dmitri Peskov, a aussi affirm\u00e9 que la Russie enverrait une d\u00e9l\u00e9gation qui sera \u00abpr\u00eate\u00bb pour de nouveaux pourparlers avec l&rsquo;Ukraine lundi \u00e0\u00a0<a href=\"http:\/\/www.lefigaro.fr\/international\/en-pleins-pourparlers-difficiles-a-istanbul-l-armee-ukrainienne-flanche-face-aux-russes-dans-le-donbass-20250516\" target=\"_blank\" data-fig-type=\"NewsFlash\" rel=\"noopener nofollow\" data-gtm-custom-categorie=\"navigation\" data-gtm-custom-action=\"crossclick\" data-gtm-custom-label=\"Contextuel\" data-gtm-event=\"customEventSPE\" data-fig-domain=\"LEFIGARO\">Istanbul<\/a>, m\u00eame si Kiev n&rsquo;a pas encore formellement confirm\u00e9 sa participation.<\/p>\n<p class=\"fig-paragraph\">Plus d\u2019informations \u00e0 suivre&#8230;<\/p>\n","protected":false},"excerpt":{"rendered":"Le porte-parole du Kremlin, Dmitri Peskov, a aussi affirm\u00e9 que la Russie enverrait une d\u00e9l\u00e9gation qui sera \u00abpr\u00eate\u00bb&hellip;\n","protected":false},"author":2,"featured_media":139070,"comment_status":"","ping_status":"","sticky":false,"template":"","format":"standard","meta":{"footnotes":""},"categories":[1590],"tags":[259,11,260,1777,674,14,4998,261,12,262,132,220],"class_list":{"0":"post-139069","1":"post","2":"type-post","3":"status-publish","4":"format-standard","5":"has-post-thumbnail","7":"category-ukraine","8":"tag-actualite-internationale","9":"tag-actualites","10":"tag-affaires-etrangeres","11":"tag-eu","12":"tag-europe","13":"tag-international","14":"tag-kremlin","15":"tag-ministere-des-affaires-etrangeres","16":"tag-news","17":"tag-politique-etrangere","18":"tag-russie","19":"tag-ukraine"},"share_on_mastodon":{"url":"https:\/\/pubeurope.com\/@fr\/114596468718408859","error":""},"_links":{"self":[{"href":"https:\/\/www.europesays.com\/fr\/wp-json\/wp\/v2\/posts\/139069","targetHints":{"allow":["GET"]}}],"collection":[{"href":"https:\/\/www.europesays.com\/fr\/wp-json\/wp\/v2\/posts"}],"about":[{"href":"https:\/\/www.europesays.com\/fr\/wp-json\/wp\/v2\/types\/post"}],"author":[{"embeddable":true,"href":"https:\/\/www.europesays.com\/fr\/wp-json\/wp\/v2\/users\/2"}],"replies":[{"embeddable":true,"href":"https:\/\/www.europesays.com\/fr\/wp-json\/wp\/v2\/comments?post=139069"}],"version-history":[{"count":0,"href":"https:\/\/www.europesays.com\/fr\/wp-json\/wp\/v2\/posts\/139069\/revisions"}],"wp:featuredmedia":[{"embeddable":true,"href":"https:\/\/www.europesays.com\/fr\/wp-json\/wp\/v2\/media\/139070"}],"wp:attachment":[{"href":"https:\/\/www.europesays.com\/fr\/wp-json\/wp\/v2\/media?parent=139069"}],"wp:term":[{"taxonomy":"category","embeddable":true,"href":"https:\/\/www.europesays.com\/fr\/wp-json\/wp\/v2\/categories?post=139069"},{"taxonomy":"post_tag","embeddable":true,"href":"https:\/\/www.europesays.com\/fr\/wp-json\/wp\/v2\/tags?post=139069"}],"curies":[{"name":"wp","href":"https:\/\/api.w.org\/{rel}","templated":true}]}}