{"id":139071,"date":"2025-05-30T11:08:11","date_gmt":"2025-05-30T11:08:11","guid":{"rendered":"https:\/\/www.europesays.com\/fr\/139071\/"},"modified":"2025-05-30T11:08:11","modified_gmt":"2025-05-30T11:08:11","slug":"ukraine-macron-evoque-un-test-de-credibilite-pour-les-etats-unis","status":"publish","type":"post","link":"https:\/\/www.europesays.com\/fr\/139071\/","title":{"rendered":"Ukraine: Macron \u00e9voque un \u00ab test de cr\u00e9dibilit\u00e9 \u00bb pour les Etats-Unis"},"content":{"rendered":"<p class=\"wysiwyg-h2\">Le Kremlin a \u00e9cart\u00e9 vendredi une rencontre propos\u00e9e par la Turquie entre Vladimir Poutine, Volodymyr Zelensky et Donald Trump sous l&rsquo;\u00e9gide de Recep Tayyip Erdogan. Il a conditionn\u00e9 tout sommet de ce type \u00e0 l&rsquo;obtention de &lsquo;r\u00e9sultats&rsquo; dans les n\u00e9gociations avec Kiev.<\/p>\n<p>Le ministre turc des Affaires \u00e9trang\u00e8res Hakan Fidan, en visite \u00e0 Kiev, avait propos\u00e9 plus t\u00f4t que la Turquie accueille &lsquo;une rencontre entre M. Trump, M. Poutine et M. Zelensky, sous la direction&rsquo; du pr\u00e9sident turc Recep Tayyip Erdogan.<\/p>\n<p>Volodymyr Zelensky avait d\u00e9j\u00e0 propos\u00e9 de rencontrer son homologue russe en mai, puis d&rsquo;organiser un format tripartite incluant le pr\u00e9sident am\u00e9ricain, mais le Kremlin n&rsquo;avait pas donn\u00e9 suite.<\/p>\n<p>Moscou a en revanche propos\u00e9 \u00e0 Kiev de se retrouver pour de nouveaux pourparlers directs lundi \u00e0 Istanbul, apr\u00e8s un premier rendez-vous peu fructueux le 16 mai dans la m\u00e9gapole turque.<\/p>\n<p>Le porte-parole du Kremlin Dmitri Peskov, interrog\u00e9 vendredi par l&rsquo;AFP sur la possibilit\u00e9 d&rsquo;un sommet Poutine-Zelensky-Trump-Erdogan, a affirm\u00e9 que Vladimir Poutine est &lsquo;favorable, sur le principe, aux contacts au plus haut niveau&rsquo;. Mais il faut d&rsquo;abord &lsquo;des r\u00e9sultats&rsquo; dans les n\u00e9gociations entre Kiev et Moscou, a-t-il tranch\u00e9, durant son briefing quotidien.<\/p>\n<p>Dmitri Peskov a aussi affirm\u00e9 que le Kremlin enverrait \u00e0 Istanbul une d\u00e9l\u00e9gation qui sera &lsquo;pr\u00eate&rsquo; pour de nouveaux pourparlers lundi avec l&rsquo;Ukraine, qui n&rsquo;a toutefois pas encore formellement confirm\u00e9 sa participation.<\/p>\n<p><strong>Cessez-le-feu<\/strong><\/p>\n<p>Kiev veut que le Kremlin lui envoie d&rsquo;abord un &lsquo;m\u00e9morandum&rsquo; qu&rsquo;il a dit avoir pr\u00e9par\u00e9 et qui doit exposer ses conditions pour la paix, des conditions qui selon l&rsquo;Ukraine risquent d&rsquo;\u00eatre &lsquo;irr\u00e9alistes&rsquo;.<\/p>\n<p>Dmitri Peskov, questionn\u00e9 \u00e0 ce sujet, a de nouveau refus\u00e9 vendredi de transmettre \u00e0 l&rsquo;avance ce document et dit que le texte serait discut\u00e9 &lsquo;lors du deuxi\u00e8me cycle de n\u00e9gociations&rsquo;.<\/p>\n<p>Le chef de la diplomatie ukrainienne Andri\u00ef Sybiga, aux c\u00f4t\u00e9s de son homologue truc, a affirm\u00e9 que la transmission de ce document \u00e9tait importante pour que la prochaine r\u00e9union soit &lsquo;substantielle&rsquo;. L&rsquo;Ukraine est &lsquo;int\u00e9ress\u00e9e&rsquo; par la poursuite de ces rencontres avec la Russie, a-t-il dit.<\/p>\n<p>Plus t\u00f4t, M. Fidan avait assur\u00e9 que &lsquo;les deux parties souhaitent un cessez-le-feu&rsquo;, selon l&rsquo;agence de presse \u00e9tatique Anadolu. Il a \u00e9t\u00e9 re\u00e7u \u00e0 Moscou par Vladimir Poutine cette semaine, et doit rencontrer vendredi le pr\u00e9sident Volodymyr Zelensky.<\/p>\n<p>La Turquie, membre de l&rsquo;Otan, est parvenue depuis le d\u00e9but de l&rsquo;invasion russe de l&rsquo;Ukraine en 2022 \u00e0 maintenir de bonnes relations avec les deux pays.<\/p>\n<p><strong>Exigences maximalistes<\/strong><\/p>\n<p>Le pr\u00e9sident am\u00e9ricain Donald Trump demande une tr\u00eave inconditionnelle, mesure que l&rsquo;Ukraine et les Europ\u00e9ens soutiennent. Mais la Russie, qui a envahi son voisin en 2022, a refus\u00e9 pr\u00e9c\u00e9demment cette possibilit\u00e9, estimant notamment qu&rsquo;elle permettrait \u00e0 l&rsquo;arm\u00e9e ukrainienne de reprendre des forces sur le front.<\/p>\n<p>Vladimir Poutine affirme qu&rsquo;un cessez-le-feu est possible apr\u00e8s des n\u00e9gociations se concentrant sur les &#8217;causes profondes&rsquo; de la guerre, une r\u00e9f\u00e9rence \u00e0 une s\u00e9rie de demandes maximalistes du Kremlin. La Russie exige notamment que l&rsquo;Ukraine renonce \u00e0 jamais \u00e0 rejoindre l&rsquo;Otan et lui c\u00e8de les cinq r\u00e9gions dont elle revendique l&rsquo;annexion.<\/p>\n<p>Ces conditions sont inacceptables pour Kiev, qui assure par ailleurs que le Kremlin ne veut ni paix ni tr\u00eave.<\/p>\n<p>L&rsquo;arm\u00e9e russe a l&rsquo;avantage sur le front et a revendiqu\u00e9 vendredi la prise de deux villages dans la r\u00e9gion de Kharkiv, dans le nord-est de l&rsquo;Ukraine.<\/p>\n<p><strong>Frustration et critiques<\/strong><\/p>\n<p>Pire conflit arm\u00e9 en Europe depuis la Deuxi\u00e8me Guerre mondiale, l&rsquo;invasion russe de l&rsquo;Ukraine a d\u00e9but\u00e9 en f\u00e9vrier 2022 et a d\u00e9j\u00e0 fait des dizaines, voire des centaines de milliers de morts.<\/p>\n<p>Donald Trump, qui s&rsquo;est rapproch\u00e9 de la Russie, a exprim\u00e9 sa frustration envers Moscou ces derniers jours, estimant notamment que Vladimir Poutine joue &lsquo;avec le feu&rsquo;. Mais il a aussi critiqu\u00e9 Volodymyr Zelensky, \u00e0 qui il reproche de tra\u00eener des pieds pour trouver un accord.<\/p>\n<p>Au Conseil de S\u00e9curit\u00e9 de l&rsquo;ONU, l&rsquo;ambassadeur am\u00e9ricain int\u00e9rimaire adjoint, John Kelley, a lui pr\u00e9venu jeudi que &lsquo;les \u00c9tats-Unis devront envisager de se retirer de leurs efforts de n\u00e9gociation&rsquo; si Moscou d\u00e9cide de &lsquo;poursuivre cette guerre catastrophique&rsquo;.<\/p>\n<p>L&rsquo;Ukraine exhorte ses alli\u00e9s occidentaux, et surtout Washington, \u00e0 prendre de nouvelles sanctions contre Moscou. Depuis Singapour, le pr\u00e9sident fran\u00e7ais Emmanuel Macron a lui affirm\u00e9 vendredi que la d\u00e9cision ou non de sanctionner la Russie, si elle refuse un cessez-le-feu en Ukraine, \u00e9tait un &lsquo;test de cr\u00e9dibilit\u00e9&rsquo; pour Washington.<\/p>\n<p> \/ATS<\/p>\n","protected":false},"excerpt":{"rendered":"Le Kremlin a \u00e9cart\u00e9 vendredi une rencontre propos\u00e9e par la Turquie entre Vladimir Poutine, Volodymyr Zelensky et Donald&hellip;\n","protected":false},"author":2,"featured_media":139072,"comment_status":"","ping_status":"","sticky":false,"template":"","format":"standard","meta":{"footnotes":""},"categories":[1589],"tags":[11,1829,1832,1836,1827,73,1866,1830,1831,1826,1844,1840,1839,1841,1838,12,1843,1828,1834,1825,1833,1822,1823,1824,1837,1864,1865,1863,308,1835,1842],"class_list":{"0":"post-139071","1":"post","2":"type-post","3":"status-publish","4":"format-standard","5":"has-post-thumbnail","7":"category-etats-unis","8":"tag-actualites","9":"tag-ajoie","10":"tag-animation","11":"tag-bienne","12":"tag-delemont","13":"tag-etats-unis","14":"tag-etats-unis-damerique","15":"tag-franches-montagnes","16":"tag-frequence","17":"tag-jura","18":"tag-jura-bernois","19":"tag-la-chaux-de-fonds","20":"tag-moutier","21":"tag-neuchatel","22":"tag-neuveville","23":"tag-news","24":"tag-payerne","25":"tag-porrentruy","26":"tag-publicite","27":"tag-radio","28":"tag-redaction","29":"tag-rfj","30":"tag-rjb","31":"tag-rtn","32":"tag-tavannes","33":"tag-united-states","34":"tag-united-states-of-america","35":"tag-us","36":"tag-usa","37":"tag-vallon-de-st-imier","38":"tag-yverdon"},"share_on_mastodon":{"url":"https:\/\/pubeurope.com\/@fr\/114596472653730744","error":""},"_links":{"self":[{"href":"https:\/\/www.europesays.com\/fr\/wp-json\/wp\/v2\/posts\/139071","targetHints":{"allow":["GET"]}}],"collection":[{"href":"https:\/\/www.europesays.com\/fr\/wp-json\/wp\/v2\/posts"}],"about":[{"href":"https:\/\/www.europesays.com\/fr\/wp-json\/wp\/v2\/types\/post"}],"author":[{"embeddable":true,"href":"https:\/\/www.europesays.com\/fr\/wp-json\/wp\/v2\/users\/2"}],"replies":[{"embeddable":true,"href":"https:\/\/www.europesays.com\/fr\/wp-json\/wp\/v2\/comments?post=139071"}],"version-history":[{"count":0,"href":"https:\/\/www.europesays.com\/fr\/wp-json\/wp\/v2\/posts\/139071\/revisions"}],"wp:featuredmedia":[{"embeddable":true,"href":"https:\/\/www.europesays.com\/fr\/wp-json\/wp\/v2\/media\/139072"}],"wp:attachment":[{"href":"https:\/\/www.europesays.com\/fr\/wp-json\/wp\/v2\/media?parent=139071"}],"wp:term":[{"taxonomy":"category","embeddable":true,"href":"https:\/\/www.europesays.com\/fr\/wp-json\/wp\/v2\/categories?post=139071"},{"taxonomy":"post_tag","embeddable":true,"href":"https:\/\/www.europesays.com\/fr\/wp-json\/wp\/v2\/tags?post=139071"}],"curies":[{"name":"wp","href":"https:\/\/api.w.org\/{rel}","templated":true}]}}