{"id":139081,"date":"2025-05-30T11:13:09","date_gmt":"2025-05-30T11:13:09","guid":{"rendered":"https:\/\/www.europesays.com\/fr\/139081\/"},"modified":"2025-05-30T11:13:09","modified_gmt":"2025-05-30T11:13:09","slug":"moins-dun-an-apres-sa-reprise-naf-naf-est-placee-en-redressement-judiciaire-avec-pres-de-600-emplois-menaces","status":"publish","type":"post","link":"https:\/\/www.europesays.com\/fr\/139081\/","title":{"rendered":"Moins d\u2019un an apr\u00e8s sa reprise, Naf Naf est plac\u00e9e en redressement judiciaire avec pr\u00e8s de 600 emplois menac\u00e9s"},"content":{"rendered":"<p>La marque reprise en juin 2024 par le turc Migiboy Textile est confront\u00e9e \u00e0 des difficult\u00e9s de tr\u00e9sorerie.<\/p>\n<p class=\"fig-paragraph\">Les ennuis continuent pour Naf-Naf. Moins d\u2019un an apr\u00e8s sa reprise par le groupe turc Migiboy Tekstil, l\u2019enseigne de pr\u00eat-\u00e0-porter f\u00e9minin Naf Naf, qui emploie pr\u00e8s de 600 personnes, a \u00e9t\u00e9 plac\u00e9e vendredi en redressement judiciaire, confront\u00e9e \u00e0 \u00abdes difficult\u00e9s de tr\u00e9sorerie\u00bb, a appris l\u2019AFP de sources proches du dossier. Il s\u2019agit de la troisi\u00e8me proc\u00e9dure de la sorte pour l\u2019entreprise fran\u00e7aise mais sa direction turque a d\u00e9clar\u00e9 vouloir \u00abcontinuer \u00e0 faire exister la marque et pr\u00e9senter un plan de redressement\u00bb, selon la d\u00e9cision du tribunal de commerce dont l\u2019AFP a pu avoir connaissance.<\/p>\n<p class=\"fig-paragraph\">L\u2019entreprise emploie en France 588 salari\u00e9s &#8211; 650 dans les 6 derniers mois, a not\u00e9 le tribunal de commerce de Bobigny (Seine-Saint-Denis). La justice a motiv\u00e9 le placement en redressement judiciaire en arguant \u00abque la soci\u00e9t\u00e9 est confront\u00e9e \u00e0 des difficult\u00e9s de tr\u00e9sorerie qu\u2019elle n\u2019est pas en mesure de surmonter\u00bb et qu\u2019elle \u00abest dans l\u2019impossibilit\u00e9 de faire face \u00e0 son passif exigible avec son actif disponible\u00bb. En effet, son passif s\u2019\u00e9l\u00e8ve \u00e0 44 millions d\u2019euros quand son chiffre d\u2019affaires en 2024 a atteint 47 millions d\u2019euros.<\/p>\n<p>Des perspectives de redressement<\/p>\n<p class=\"fig-paragraph\">Mais le tribunal a estim\u00e9 que \u00absur les d\u00e9clarations du d\u00e9biteur et la pr\u00e9sentation de son pr\u00e9visionnel d\u2019activit\u00e9 ainsi que du montant de la tr\u00e9sorerie disponible, il existe des perspectives de redressement\u00bb. La soci\u00e9t\u00e9 b\u00e9n\u00e9ficie donc d\u2019une p\u00e9riode d\u2019observation de six mois et sa situation sera r\u00e9examin\u00e9e lors d\u2019une audience fix\u00e9e au 23 juillet.<\/p>\n<p class=\"fig-paragraph\">En juin 2024, le repreneur turc Migiboy Tekstil s\u2019\u00e9tait engag\u00e9 \u00e0 sauver 90% des emplois et conserver une centaine de boutiques en propre. \u00c0 l\u2019\u00e9poque, la soci\u00e9t\u00e9 a offert plus de 1,5 million d\u2019euros pour reprendre l\u2019enseigne fran\u00e7aise. Ce faisant, l\u2019entreprise turque avait sauv\u00e9 521 emplois sur 586 et une centaine de boutiques en France, et repris les filiales en Espagne, en Italie et en Belgique. \u00abSi ce jugement \u00e9carte pour l\u2019instant la liquidation imm\u00e9diate de l\u2019entreprise, il ouvre une grande p\u00e9riode d\u2019incertitude\u00bb, s\u2019est \u00e9mue la CFDT dans un communiqu\u00e9 transmis \u00e0 l\u2019AFP.<\/p>\n<p class=\"fig-paragraph\">\u00abLa direction et l\u2019actionnaire devront prouver que Naf Naf peut continuer \u00e0 fonctionner au moins temporairement, ce qui suppose d\u2019approvisionner les magasins (&#8230;) et de trouver une nouvelle organisation logistique, le tout avec des marges de man\u0153uvre financi\u00e8res tr\u00e8s contraintes\u00bb, s\u2019est encore inqui\u00e9t\u00e9 le syndicat. Les magasins \u00abvont \u00eatre approvisionn\u00e9s car il y a 800.000 articles en stock et la soci\u00e9t\u00e9 \u00e9coule 140.000 articles par mois\u00bb, a argument\u00e9 la direction devant le tribunal.<\/p>\n<p class=\"fig-paragraph\">Mais m\u00eame si ce plan de redressement aboutit, \u00abune r\u00e9organisation drastique avec des fermetures de magasins et une nouvelle r\u00e9duction du si\u00e8ge sont tr\u00e8s probables\u00bb, a jug\u00e9 la CFDT. Sans compter le sc\u00e9nario catastrophe: \u00ab\u00c0 l\u2019inverse, si ces conditions ne sont pas remplies, se profilera une liquidation avec vente au plus offrant des magasins, des stocks et de la marque, avec un impact social d\u00e9sastreux\u00bb.<\/p>\n","protected":false},"excerpt":{"rendered":"La marque reprise en juin 2024 par le turc Migiboy Textile est confront\u00e9e \u00e0 des difficult\u00e9s de tr\u00e9sorerie.&hellip;\n","protected":false},"author":2,"featured_media":139082,"comment_status":"","ping_status":"","sticky":false,"template":"","format":"standard","meta":{"footnotes":""},"categories":[2],"tags":[631,627,630,11,340,398,343,634,405,629,636,632,638,1011,27,3731,637,399,639,635,23752,12,3730,25,401,628,633,407],"class_list":{"0":"post-139081","1":"post","2":"type-post","3":"status-publish","4":"format-standard","5":"has-post-thumbnail","7":"category-actualites","8":"tag-action","9":"tag-actions-francaise","10":"tag-actualite-bourse","11":"tag-actualites","12":"tag-bourse","13":"tag-bourse-de-paris","14":"tag-cac-40","15":"tag-cotation","16":"tag-cotations","17":"tag-cours-des-societes-francaises","18":"tag-devises","19":"tag-fcp","20":"tag-figaro","21":"tag-fr","22":"tag-france","23":"tag-habillement","24":"tag-indices","25":"tag-investissement","26":"tag-le-figaro","27":"tag-marches","28":"tag-naf-naf","29":"tag-news","30":"tag-redressement-judiciaire","31":"tag-republique-francaise","32":"tag-sicav","33":"tag-societes-etrangeres","34":"tag-warrant","35":"tag-warrants"},"share_on_mastodon":{"url":"https:\/\/pubeurope.com\/@fr\/114596492322936202","error":""},"_links":{"self":[{"href":"https:\/\/www.europesays.com\/fr\/wp-json\/wp\/v2\/posts\/139081","targetHints":{"allow":["GET"]}}],"collection":[{"href":"https:\/\/www.europesays.com\/fr\/wp-json\/wp\/v2\/posts"}],"about":[{"href":"https:\/\/www.europesays.com\/fr\/wp-json\/wp\/v2\/types\/post"}],"author":[{"embeddable":true,"href":"https:\/\/www.europesays.com\/fr\/wp-json\/wp\/v2\/users\/2"}],"replies":[{"embeddable":true,"href":"https:\/\/www.europesays.com\/fr\/wp-json\/wp\/v2\/comments?post=139081"}],"version-history":[{"count":0,"href":"https:\/\/www.europesays.com\/fr\/wp-json\/wp\/v2\/posts\/139081\/revisions"}],"wp:featuredmedia":[{"embeddable":true,"href":"https:\/\/www.europesays.com\/fr\/wp-json\/wp\/v2\/media\/139082"}],"wp:attachment":[{"href":"https:\/\/www.europesays.com\/fr\/wp-json\/wp\/v2\/media?parent=139081"}],"wp:term":[{"taxonomy":"category","embeddable":true,"href":"https:\/\/www.europesays.com\/fr\/wp-json\/wp\/v2\/categories?post=139081"},{"taxonomy":"post_tag","embeddable":true,"href":"https:\/\/www.europesays.com\/fr\/wp-json\/wp\/v2\/tags?post=139081"}],"curies":[{"name":"wp","href":"https:\/\/api.w.org\/{rel}","templated":true}]}}