{"id":139103,"date":"2025-05-30T11:27:09","date_gmt":"2025-05-30T11:27:09","guid":{"rendered":"https:\/\/www.europesays.com\/fr\/139103\/"},"modified":"2025-05-30T11:27:09","modified_gmt":"2025-05-30T11:27:09","slug":"sefi-atta-la-niaque-a-la-nigeriane-liberation","status":"publish","type":"post","link":"https:\/\/www.europesays.com\/fr\/139103\/","title":{"rendered":"Sefi Atta, la niaque \u00e0 la nig\u00e9riane \u2013 Lib\u00e9ration"},"content":{"rendered":"<p class=\"sc-ksZaOG ehjQrN text-element\">Si le titre fran\u00e7ais du nouveau roman de <a href=\"https:\/\/www.liberation.fr\/livres\/2009\/01\/08\/egeries-nigerianes_301041\/?redirected=1\" target=\"_blank\" rel=\"noopener\" title=\"https:\/\/www.liberation.fr\/livres\/2009\/01\/08\/egeries-nigerianes_301041\/?redirected=1\">Sefi Atta<\/a>, Made in Nigeria, n\u2019est pas terrible, on comprend vite qu\u2019il est plus sens\u00e9 qu\u2019il n\u2019en a l\u2019air. Le narrateur, Lukmon Karim, vient d\u2019arriver \u00e0 New York avec sa femme et leurs deux enfants, Taslim, bient\u00f4t 17 ans, et Bashira, 14. Nous allons les accompagner jusqu\u2019\u00e0 l\u2019automne 2001. On est en 1999. Ils s\u2019installent d\u2019abord chez un cousin, un type p\u00e9nible qui ne cesse de d\u00e9nigrer leur pays et de s\u2019en prendre aux noirs, \u00abfeignants de nature\u00bb \u2013 inutile de lui faire remarquer qu\u2019il est noir. Un soir qu\u2019il les a mis au d\u00e9fi de citer un seul produit que le Nigeria soit capable de fournir, Lukmon, qui ne r\u00e9pond jamais, songe au moment de se coucher \u00e0 une repartie. Le cousin voulait un exemple ? Eh bien, \u00abil lui suffisait de regarder autour de sa table. Ma famille en \u00e9tait un, avec le respect imm\u00e9rit\u00e9 que nous lui t\u00e9moignions et notre extr\u00eame aptitude \u00e0 la tol\u00e9rance. Nous \u00e9tions les produits de notre pays, con\u00e7us par la tradition, conditionn\u00e9s par l\u2019adversit\u00e9 et oblit\u00e9r\u00e9s par les r\u00e9gimes militaires.\u00bb<\/p>\n<p class=\"sc-ksZaOG ehjQrN text-element\">Le titre original, The Bad Immigrant, aurait aussi bien convenu. Pour le cousin, le mauvais immigrant est celui qui se montre incapable de saisir sa chance. Lukmon Karim pense autrement. Le jour o\u00f9 Bashir<\/p>\n","protected":false},"excerpt":{"rendered":"Si le titre fran\u00e7ais du nouveau roman de Sefi Atta, Made in Nigeria, n\u2019est pas terrible, on comprend&hellip;\n","protected":false},"author":2,"featured_media":139104,"comment_status":"","ping_status":"","sticky":false,"template":"","format":"standard","meta":{"footnotes":""},"categories":[1357],"tags":[1379,10488,58,59,73,1011,27,1380,4778],"class_list":{"0":"post-139103","1":"post","2":"type-post","3":"status-publish","4":"format-standard","5":"has-post-thumbnail","7":"category-livres","8":"tag-books","9":"tag-cahier-livres","10":"tag-divertissement","11":"tag-entertainment","12":"tag-etats-unis","13":"tag-fr","14":"tag-france","15":"tag-livres","16":"tag-nigeria"},"share_on_mastodon":{"url":"https:\/\/pubeurope.com\/@fr\/114596547338721566","error":""},"_links":{"self":[{"href":"https:\/\/www.europesays.com\/fr\/wp-json\/wp\/v2\/posts\/139103","targetHints":{"allow":["GET"]}}],"collection":[{"href":"https:\/\/www.europesays.com\/fr\/wp-json\/wp\/v2\/posts"}],"about":[{"href":"https:\/\/www.europesays.com\/fr\/wp-json\/wp\/v2\/types\/post"}],"author":[{"embeddable":true,"href":"https:\/\/www.europesays.com\/fr\/wp-json\/wp\/v2\/users\/2"}],"replies":[{"embeddable":true,"href":"https:\/\/www.europesays.com\/fr\/wp-json\/wp\/v2\/comments?post=139103"}],"version-history":[{"count":0,"href":"https:\/\/www.europesays.com\/fr\/wp-json\/wp\/v2\/posts\/139103\/revisions"}],"wp:featuredmedia":[{"embeddable":true,"href":"https:\/\/www.europesays.com\/fr\/wp-json\/wp\/v2\/media\/139104"}],"wp:attachment":[{"href":"https:\/\/www.europesays.com\/fr\/wp-json\/wp\/v2\/media?parent=139103"}],"wp:term":[{"taxonomy":"category","embeddable":true,"href":"https:\/\/www.europesays.com\/fr\/wp-json\/wp\/v2\/categories?post=139103"},{"taxonomy":"post_tag","embeddable":true,"href":"https:\/\/www.europesays.com\/fr\/wp-json\/wp\/v2\/tags?post=139103"}],"curies":[{"name":"wp","href":"https:\/\/api.w.org\/{rel}","templated":true}]}}