{"id":139105,"date":"2025-05-30T11:28:09","date_gmt":"2025-05-30T11:28:09","guid":{"rendered":"https:\/\/www.europesays.com\/fr\/139105\/"},"modified":"2025-05-30T11:28:09","modified_gmt":"2025-05-30T11:28:09","slug":"retrouvez-la-nouvelle-numerotation-des-chaines-qui-entre-en-vigueur-des-le-6-juin","status":"publish","type":"post","link":"https:\/\/www.europesays.com\/fr\/139105\/","title":{"rendered":"retrouvez la nouvelle num\u00e9rotation des cha\u00eenes qui entre en vigueur d\u00e8s le 6 juin"},"content":{"rendered":"<p><strong>INFOGRAPHIE &#8211; <\/strong>Une coupure temporaire de toutes les cha\u00eenes est pr\u00e9vue dans la nuit de jeudi 5 \u00e0 vendredi 6 juin pour permettre l\u2019arriv\u00e9e de deux nouvelles venues. Des ajustements seront visibles d\u00e8s le matin sur les t\u00e9l\u00e9viseurs, sans n\u00e9cessit\u00e9 d\u2019intervention pour la majorit\u00e9 des foyers.<\/p>\n<p class=\"fig-paragraph\">\u00c0 vos t\u00e9l\u00e9commandes\u00a0: d\u00e8s vendredi 6 juin 2025, les cha\u00eenes de la\u00a0<a href=\"http:\/\/www.lefigaro.fr\/flash-actu\/les-chaines-c8-et-nrj12-ont-cesse-d-etre-diffusees-sur-la-tnt-20250301\" target=\"_blank\" data-fig-type=\"NewsFlash\" rel=\"noopener\" data-gtm-custom-categorie=\"navigation\" data-gtm-custom-action=\"crossclick\" data-gtm-custom-label=\"Contextuel\" data-gtm-event=\"customEventSPE\" data-fig-domain=\"LEFIGARO\">TNT<\/a>\u00a0vont changer de place. L\u2019autorit\u00e9 de r\u00e9gulation de la communication audiovisuelle et num\u00e9rique (Arcom) met en \u0153uvre une nouvelle num\u00e9rotation de la t\u00e9l\u00e9vision num\u00e9rique terrestre (TNT), dans le cadre d\u2019une r\u00e9organisation de l\u2019offre et de l\u2019arriv\u00e9e de deux nouveaux diffuseurs. Une op\u00e9ration qui n\u00e9cessitera une interruption momentan\u00e9e de l\u2019ensemble des cha\u00eenes dans la nuit du jeudi 5 au vendredi 6 juin, autour de 1h du matin.<\/p>\n<p class=\"fig-paragraph\">Cette intervention vise \u00e0 am\u00e9liorer la clart\u00e9 de l\u2019offre de la TNT et \u00e0 faciliter la navigation pour les t\u00e9l\u00e9spectateurs. Une br\u00e8ve coupure g\u00e9n\u00e9rale est donc programm\u00e9e. Pendant quelques minutes, un \u00e9cran noir ou un message d\u2019information pourrait appara\u00eetre. Selon l\u2019Arcom, l\u2019op\u00e9ration sera courte et techniquement ma\u00eetris\u00e9e, l\u2019ensemble des groupes et des diffuseurs ont \u00e9t\u00e9 inform\u00e9s en amont.<\/p>\n<p>Deux nouvelles cha\u00eenes, deux cha\u00eenes supprim\u00e9es<\/p>\n<p class=\"fig-paragraph\">Ce remaniement intervient dans un contexte de renouvellement partiel du paysage audiovisuel. Les cha\u00eenes C8 et NRJ 12 ont cess\u00e9 leur diffusion, lib\u00e9rant les canaux 8 et 12. C\u2019est notamment gr\u00e2ce \u00e0 ces d\u00e9parts que deux nouvelles venues font leur apparition\u00a0: T18, port\u00e9e par le groupe CMI, sera accessible d\u00e8s le 6 juin sur le canal 18. Quant \u00e0 NOVO19, du groupe Ouest-France, son lancement est pr\u00e9vu pour le 1er septembre sur le canal 19.<\/p>\n<p class=\"fig-paragraph\">France 4, qui restait jusqu\u2019ici positionn\u00e9e en dehors des premiers num\u00e9ros, s\u2019intercale d\u00e9sormais entre France 3 et France 5. La Cha\u00eene Parlementaire (LCP) r\u00e9cup\u00e8re la place laiss\u00e9e vacante par C8, et Gulli passe du canal 18 au canal 12. Autre changement notable\u00a0: les cha\u00eenes d\u2019information en continu seront d\u00e9sormais regroup\u00e9es les unes \u00e0 la suite des autres sur la t\u00e9l\u00e9commande. BFMTV (13), CNews (14), LCI (15) et Franceinfo (16) formeront un bloc coh\u00e9rent, facilitant leur acc\u00e8s pour les t\u00e9l\u00e9spectateurs.<\/p>\n<p class=\"fig-paragraph\">Les autres cha\u00eenes comme TF1, France 2, M6, Arte, ou encore RMC Story conservent leur position actuelle. Voici la nouvelle grille des canaux attribu\u00e9s\u00a0:<\/p>\n<p class=\"fig-paragraph\">Dans la majorit\u00e9 des cas, aucune action ne sera requise de la part des t\u00e9l\u00e9spectateurs. Les t\u00e9l\u00e9viseurs et d\u00e9codeurs compatibles effectueront la mise \u00e0 jour automatiquement durant la nuit. N\u00e9anmoins, si ce n\u2019est pas le cas, la t\u00e9l\u00e9vision proposera g\u00e9n\u00e9ralement la mise \u00e0 jour d\u00e8s l\u2019allumage.<\/p>\n<p class=\"fig-paragraph\">Dans de rares situations, une nouvelle recherche des cha\u00eenes devra \u00eatre lanc\u00e9e manuellement. Pour ce faire, il suffira de rendre dans le menu \u00abR\u00e9glages\u00bb ou \u00abConfiguration\u00bb du t\u00e9l\u00e9viseur, puis de lancer une recherche automatique des cha\u00eenes, aussi appel\u00e9es \u00abr\u00e9installation\u00bb ou \u00abrecherche compl\u00e8te\u00bb.<\/p>\n","protected":false},"excerpt":{"rendered":"INFOGRAPHIE &#8211; Une coupure temporaire de toutes les cha\u00eenes est pr\u00e9vue dans la nuit de jeudi 5 \u00e0&hellip;\n","protected":false},"author":2,"featured_media":139106,"comment_status":"","ping_status":"","sticky":false,"template":"","format":"standard","meta":{"footnotes":""},"categories":[1356],"tags":[5717,3839,58,59,1011,27,5724,5720,5725,5719,5723,5722,5721,5718,5715,5714,1834,5726,252,3171,1364,5716],"class_list":{"0":"post-139105","1":"post","2":"type-post","3":"status-publish","4":"format-standard","5":"has-post-thumbnail","7":"category-television","8":"tag-bibendum","9":"tag-chaine","10":"tag-divertissement","11":"tag-entertainment","12":"tag-fr","13":"tag-france","14":"tag-geant-vert","15":"tag-herisson-ernie-spontex","16":"tag-la-laitiere","17":"tag-lapin-duracell","18":"tag-mms","19":"tag-mamie-nova","20":"tag-mr-marie","21":"tag-mr-propre","22":"tag-personnage-publicitaire","23":"tag-pub","24":"tag-publicite","25":"tag-tele","26":"tag-television","27":"tag-tnt","28":"tag-tv","29":"tag-vache-qui-rit"},"share_on_mastodon":{"url":"https:\/\/pubeurope.com\/@fr\/114596551363374677","error":""},"_links":{"self":[{"href":"https:\/\/www.europesays.com\/fr\/wp-json\/wp\/v2\/posts\/139105","targetHints":{"allow":["GET"]}}],"collection":[{"href":"https:\/\/www.europesays.com\/fr\/wp-json\/wp\/v2\/posts"}],"about":[{"href":"https:\/\/www.europesays.com\/fr\/wp-json\/wp\/v2\/types\/post"}],"author":[{"embeddable":true,"href":"https:\/\/www.europesays.com\/fr\/wp-json\/wp\/v2\/users\/2"}],"replies":[{"embeddable":true,"href":"https:\/\/www.europesays.com\/fr\/wp-json\/wp\/v2\/comments?post=139105"}],"version-history":[{"count":0,"href":"https:\/\/www.europesays.com\/fr\/wp-json\/wp\/v2\/posts\/139105\/revisions"}],"wp:featuredmedia":[{"embeddable":true,"href":"https:\/\/www.europesays.com\/fr\/wp-json\/wp\/v2\/media\/139106"}],"wp:attachment":[{"href":"https:\/\/www.europesays.com\/fr\/wp-json\/wp\/v2\/media?parent=139105"}],"wp:term":[{"taxonomy":"category","embeddable":true,"href":"https:\/\/www.europesays.com\/fr\/wp-json\/wp\/v2\/categories?post=139105"},{"taxonomy":"post_tag","embeddable":true,"href":"https:\/\/www.europesays.com\/fr\/wp-json\/wp\/v2\/tags?post=139105"}],"curies":[{"name":"wp","href":"https:\/\/api.w.org\/{rel}","templated":true}]}}