{"id":13911,"date":"2025-04-10T01:08:11","date_gmt":"2025-04-10T01:08:11","guid":{"rendered":"https:\/\/www.europesays.com\/fr\/13911\/"},"modified":"2025-04-10T01:08:11","modified_gmt":"2025-04-10T01:08:11","slug":"atp-casper-ruud-je-pense-sincerement-que-les-joueurs-de-mon-age-vont-gagner-des-grands-chelems-on-nest-pas-si-loin","status":"publish","type":"post","link":"https:\/\/www.europesays.com\/fr\/13911\/","title":{"rendered":"ATP > Casper Ruud : \u00ab\u00a0Je pense sinc\u00e8rement que les joueurs de mon \u00e2ge vont gagner des Grands Chelems. On n&rsquo;est pas si loin\u00a0\u00bb"},"content":{"rendered":"<p>Interrog\u00e9 par nos confr\u00e8res de <strong><a href=\"https:\/\/www.lequipe.fr\/Tennis\/Article\/-je-n-ai-pas-encore-exprime-mon-plein-potentiel-casper-ruud-joue-gros-sur-terre-battue\/1552331\" data-wpel-link=\"external\" target=\"_blank\" rel=\"nofollow external noopener\">l\u2019Equipe <\/a><\/strong>apr\u00e8s sa victoire \u00e0 l\u2019UTS, Casper Ruud a expliqu\u00e9 que sa g\u00e9n\u00e9\u00adra\u00adtion n\u2019\u00e9tait pas \u00ab\u202fperdue\u202f\u00bb.<\/p>\n<p>\u00ab\u202f<strong>Je pense sinc\u00e8\u00adre\u00adment que les joueurs de mon \u00e2ge vont gagner des Grands Chelems. On n\u2019est pas si loin. \u00c7a peut para\u00eetre \u00e9trange d\u2019ap\u00adprendre de quel\u00adqu\u2019un qui est plus jeune, mais Sinner et Alcaraz ont de meilleurs jeux que nous. Ils arrivent \u00e0 rester offen\u00adsifs sans donner trop de points. Physiquement, ils peuvent tenir des heures. Jannik a parti\u00adcu\u00adli\u00e8\u00adre\u00adment am\u00e9lior\u00e9 sa compr\u00e9\u00adhen\u00adsion du jeu. Il a aussi d\u00e9ve\u00adlopp\u00e9 de redou\u00adtables amor\u00adties, la signa\u00adture de Carlos. La puis\u00adsance, ils l\u2019ont, ainsi que la finesse pour surprendre l\u2019ad\u00adver\u00adsaire. Il faut adapter non pas ses idoles, mais ses mod\u00e8les. On ne va pas dire que c\u2019est marrant d\u2019\u00eatre au milieu de ces deux g\u00e9n\u00e9\u00adra\u00adtions et de finir par perdre les grandes finales, mais plut\u00f4t d\u2019\u00eatre chan\u00adceux d\u2019avoir observ\u00e9 le niveau de tous les joueurs du Big 4 puis le leur maintenant\u202f\u00bb<\/strong><\/p>\n<p class=\"post-published-date\" style=\"color: silver; font-size: 75%; text-align: left;\">Publi\u00e9 le mardi 8 avril 2025 \u00e0 10:52<\/p>\n","protected":false},"excerpt":{"rendered":"Interrog\u00e9 par nos confr\u00e8res de l\u2019Equipe apr\u00e8s sa victoire \u00e0 l\u2019UTS, Casper Ruud a expliqu\u00e9 que sa g\u00e9n\u00e9\u00adra\u00adtion&hellip;\n","protected":false},"author":2,"featured_media":13912,"comment_status":"","ping_status":"","sticky":false,"template":"","format":"standard","meta":{"footnotes":""},"categories":[1415],"tags":[1744,1011,27,2127,60,1467],"class_list":{"0":"post-13911","1":"post","2":"type-post","3":"status-publish","4":"format-standard","5":"has-post-thumbnail","7":"category-tennis","8":"tag-alcaraz","9":"tag-fr","10":"tag-france","11":"tag-sinner","12":"tag-sports","13":"tag-tennis"},"share_on_mastodon":{"url":"https:\/\/pubeurope.com\/@fr\/114310997779149132","error":""},"_links":{"self":[{"href":"https:\/\/www.europesays.com\/fr\/wp-json\/wp\/v2\/posts\/13911","targetHints":{"allow":["GET"]}}],"collection":[{"href":"https:\/\/www.europesays.com\/fr\/wp-json\/wp\/v2\/posts"}],"about":[{"href":"https:\/\/www.europesays.com\/fr\/wp-json\/wp\/v2\/types\/post"}],"author":[{"embeddable":true,"href":"https:\/\/www.europesays.com\/fr\/wp-json\/wp\/v2\/users\/2"}],"replies":[{"embeddable":true,"href":"https:\/\/www.europesays.com\/fr\/wp-json\/wp\/v2\/comments?post=13911"}],"version-history":[{"count":0,"href":"https:\/\/www.europesays.com\/fr\/wp-json\/wp\/v2\/posts\/13911\/revisions"}],"wp:featuredmedia":[{"embeddable":true,"href":"https:\/\/www.europesays.com\/fr\/wp-json\/wp\/v2\/media\/13912"}],"wp:attachment":[{"href":"https:\/\/www.europesays.com\/fr\/wp-json\/wp\/v2\/media?parent=13911"}],"wp:term":[{"taxonomy":"category","embeddable":true,"href":"https:\/\/www.europesays.com\/fr\/wp-json\/wp\/v2\/categories?post=13911"},{"taxonomy":"post_tag","embeddable":true,"href":"https:\/\/www.europesays.com\/fr\/wp-json\/wp\/v2\/tags?post=13911"}],"curies":[{"name":"wp","href":"https:\/\/api.w.org\/{rel}","templated":true}]}}