{"id":139123,"date":"2025-05-30T11:37:12","date_gmt":"2025-05-30T11:37:12","guid":{"rendered":"https:\/\/www.europesays.com\/fr\/139123\/"},"modified":"2025-05-30T11:37:12","modified_gmt":"2025-05-30T11:37:12","slug":"approuvez-vous-linterdiction-des-cigarettes-sur-les-plages-dans-les-parcs-et-devant-les-ecoles-le-figaro","status":"publish","type":"post","link":"https:\/\/www.europesays.com\/fr\/139123\/","title":{"rendered":"Approuvez-vous l\u2019interdiction des cigarettes sur les plages, dans les parcs et devant les \u00e9coles ? &#8211; Le Figaro"},"content":{"rendered":"<ol>\n<li><a href=\"https:\/\/news.google.com\/rss\/articles\/CBMi3gFBVV95cUxQdzRETDV1d2h0U24xNFoydHNYRGFlVExWdndaaHlEZkZOMFBlWXppa3hmaERhbE8xYmNZUXRsQUpGcVAxZUdFRWkxTkRCX203SXQ4WHNiaHR6RkNDakdJWUhhS3hnaEtRNTRRXy15b3BUYURrYW5mTUREWElpOUt5OFJBSXdDUDZ4WnJRRXozTjNnRTZWSVJJeDBrTjRqZTZMMWt0UEp6NnB4c09GaHNPMy15RjVhQjZLNVNSZ3ByZnFaWmRFdkladWlHTmdiUWVVbFFLWG1tTUpvZzZlelE?oc=5\" target=\"_blank\" rel=\"noopener\">Approuvez-vous l\u2019interdiction des cigarettes sur les plages, dans les parcs et devant les \u00e9coles ?<\/a>&nbsp;&nbsp;Le Figaro<\/li>\n<li><a href=\"https:\/\/news.google.com\/rss\/articles\/CBMikAJBVV95cUxQaVB5bXY2M1ljQm1FdU9pYW0weFpWZmdPV0x1V2U3WGdZT0xJeUdLa2JKbGhsX29mTXhQWkl3aGJEcmJkcTh4bGh0ZXpXak1iTDRMOTNmUkFhVWJ5VFNnRXo3WVg3WllHX014MGdOeXRsMGpfUlYydUhBTE9FX09mZUo0QUFDcXlYSENYeHdDRkFXbzRaNmc2WmxUQWxaNlBrcV9QTTZyd0k4V1BTLS1WSHlTUDVjMjRDUVpVUUNvNHBWeTI4LWFJaU9kOThTSG9nUGtYSU1uNGZSd3VlZ2tGbUVyQmFMZXNFUzJxOWM4b09Yb0ZZbF95S0NtS25SSzVmQ0wtNVNDaVQxWC1oX0RSNw?oc=5\" target=\"_blank\" rel=\"noopener\">Cigarette interdite : plages, parcs, abords des \u00e9coles, stades&#8230; ces lieux publics o\u00f9 il va devenir interdit de fumer \u00e0 partir du 1er juillet<\/a>&nbsp;&nbsp;ladepeche.fr<\/li>\n<li><a href=\"https:\/\/news.google.com\/rss\/articles\/CBMinAJBVV95cUxPRTFoeHR2ak5GR1piVl82SXhKNzd4blpWOHE5dTdVNVY1NHhfd3JrZUVKb1kxempiSXlaRWgxUWxyVThveXFhSUJYNU5vRFhZZ3dnQTdkNml3Q2dOYU4yUkZjV2p5SVJMVlNkbmYzOG4wZ1gzTnpGUWlMMlBrbTNrcWFJM21jRnRwWlBqeERqMEVGT1JodGllaEw4Y25mRVUwQXRJbDhnYXNJaFhPc0oteC1XbzNqdmRtN0dtbVluU2dacmRjWG9iTHRDcHZvVzQzeWw4U0h2cGsta0tCRER2NUZSelNyanJFTmdQQlBZVHgtSjBjSFFfSFloVVJsSENTNU81dDNWR0JZekRpV2Y4ekU5Y01jaWlsUHE4VA?oc=5\" target=\"_blank\" rel=\"noopener\">Interdiction de fumer \u00e0 la plage au 1er juillet : \u00ab\u00a0\u00c7a ressemble \u00e0 du harc\u00e8lement\u00a0\u00bb, pour le pr\u00e9sident de la F\u00e9d\u00e9ration des buralistes des Pyr\u00e9n\u00e9es-Orientales<\/a>&nbsp;&nbsp;L&rsquo;Ind\u00e9pendant<\/li>\n<li><a href=\"https:\/\/news.google.com\/rss\/articles\/CBMisgFBVV95cUxORjdGVkZ0TUZ5ZzhWc0k2b3JlTFBJTHlmNE9fTm0wQnExMFVLWmtBLTFOeFZCbFRXc0pqa3QtVTloUFJFYTZRSVh2OURqdkZQOXV6RmU2SVh2ckJ3S09YOS1EYktOaHBnclI0dzZ4QlFLSWFjTWZ3bjRjb2hkMTB3Zm02U0tWR3dMQTVnVzR3ejhIakh0ZzRxeXFNaDFSN2RrOGhTQ21tVUphV2Y1dTZra3pn?oc=5\" target=\"_blank\" rel=\"noopener\">Fumer sera interdit dans les endroits o\u00f9 il y a des enfants au 1er juillet<\/a>&nbsp;&nbsp;20 Minutes<\/li>\n<li><a href=\"https:\/\/news.google.com\/rss\/articles\/CBMihgJBVV95cUxOUFdLY1R3Q1k4aHFsOTdiV01JYmoydF9Td2gzX0Ewd1lIUHA1LTZ1RTRrODhYNmtuY0FvcVFPWVpybFlVOE5sZHQ2dGFnZ3JJN3FmRGF6TmF6enlyaVE4S3k4S05NMmF1NTJRVlFQbC15WHNqdjVzd0tvWlZqTzZYQkdnLVdHV01taVh3RmFHYUFaOE5kb080ZjAxRUwxU2FMXzY2TUd3ZDNyV3RTN1hWYlg3N2FJVFhmaWNQQVhzOFBlRmZZaTFNcDNWYjJwSzdCemVDMU81bVFPMk9jQTY5T3F0TmxjQmxHYXBtTmFaTnRFRGNYWTFrc3FWNVJnOFY2dDB2cTZ3?oc=5\" target=\"_blank\" rel=\"noopener\">EXCLUSIF. \u00ab Fumer sera interdit sur les plages, au parc, pr\u00e8s des \u00e9coles\u2026 \u00bb, annonce la ministre<\/a>&nbsp;&nbsp;Ouest-France<\/li>\n<\/ol>\n","protected":false},"excerpt":{"rendered":"Approuvez-vous l\u2019interdiction des cigarettes sur les plages, dans les parcs et devant les \u00e9coles ?&nbsp;&nbsp;Le Figaro Cigarette interdite&hellip;\n","protected":false},"author":2,"featured_media":23468,"comment_status":"","ping_status":"","sticky":false,"template":"","format":"standard","meta":{"footnotes":""},"categories":[4],"tags":[47,1058,1054,1059,1060,1055,11,1057,118,1011,27,1061,303,12,1062,25,656,104,1056,809],"class_list":{"0":"post-139123","1":"post","2":"type-post","3":"status-publish","4":"format-standard","5":"has-post-thumbnail","7":"category-france","8":"tag-actualite","9":"tag-actualite-education","10":"tag-actualite-france","11":"tag-actualite-justice","12":"tag-actualite-securite","13":"tag-actualite-societe","14":"tag-actualites","15":"tag-education","16":"tag-faits-divers","17":"tag-fr","18":"tag-france","19":"tag-immigration","20":"tag-justice","21":"tag-news","22":"tag-polemique","23":"tag-republique-francaise","24":"tag-securite","25":"tag-societe","26":"tag-societe-francaise","27":"tag-violence"},"share_on_mastodon":{"url":"https:\/\/pubeurope.com\/@fr\/114596586684023064","error":""},"_links":{"self":[{"href":"https:\/\/www.europesays.com\/fr\/wp-json\/wp\/v2\/posts\/139123","targetHints":{"allow":["GET"]}}],"collection":[{"href":"https:\/\/www.europesays.com\/fr\/wp-json\/wp\/v2\/posts"}],"about":[{"href":"https:\/\/www.europesays.com\/fr\/wp-json\/wp\/v2\/types\/post"}],"author":[{"embeddable":true,"href":"https:\/\/www.europesays.com\/fr\/wp-json\/wp\/v2\/users\/2"}],"replies":[{"embeddable":true,"href":"https:\/\/www.europesays.com\/fr\/wp-json\/wp\/v2\/comments?post=139123"}],"version-history":[{"count":0,"href":"https:\/\/www.europesays.com\/fr\/wp-json\/wp\/v2\/posts\/139123\/revisions"}],"wp:featuredmedia":[{"embeddable":true,"href":"https:\/\/www.europesays.com\/fr\/wp-json\/wp\/v2\/media\/23468"}],"wp:attachment":[{"href":"https:\/\/www.europesays.com\/fr\/wp-json\/wp\/v2\/media?parent=139123"}],"wp:term":[{"taxonomy":"category","embeddable":true,"href":"https:\/\/www.europesays.com\/fr\/wp-json\/wp\/v2\/categories?post=139123"},{"taxonomy":"post_tag","embeddable":true,"href":"https:\/\/www.europesays.com\/fr\/wp-json\/wp\/v2\/tags?post=139123"}],"curies":[{"name":"wp","href":"https:\/\/api.w.org\/{rel}","templated":true}]}}