{"id":139126,"date":"2025-05-30T11:39:13","date_gmt":"2025-05-30T11:39:13","guid":{"rendered":"https:\/\/www.europesays.com\/fr\/139126\/"},"modified":"2025-05-30T11:39:13","modified_gmt":"2025-05-30T11:39:13","slug":"nos-idees-sorties-du-week-end-des-6-7-et-8-juin-2025-dans-la-loire","status":"publish","type":"post","link":"https:\/\/www.europesays.com\/fr\/139126\/","title":{"rendered":"Nos id\u00e9es sorties du week-end des 6, 7 et 8 juin 2025 dans la Loire"},"content":{"rendered":"<p class=\"is-style-chapo\">Voici la s\u00e9lection de la r\u00e9daction de If Saint-Etienne pour se divertir et s\u2019amuser dans la Loire le week-end prochain, soit les 6, 7 et 8 juin. Une liste d\u2019\u00e9v\u00e9nements, s\u00e9lectionn\u00e9s de mani\u00e8re ind\u00e9pendante et, bien entendu, non-exhaustive.<\/p>\n<p><img loading=\"lazy\" decoding=\"async\" width=\"1024\" height=\"576\" src=\"https:\/\/www.europesays.com\/fr\/wp-content\/uploads\/2025\/05\/16955250-1024x576.jpg\" alt=\"Chartreuse\" class=\"wp-image-77129\"  \/><\/p>\n<p>1 \u2013 Expo<\/p>\n<p>L\u2019association des Arts ripag\u00e9riens organise une exposition dans la salle Beatrix de Roussillon de la <a href=\"https:\/\/www.chartreuse-saintecroixenjarez.com\/\" target=\"_blank\" rel=\"noreferrer noopener\">Chartreuse<\/a> de Sainte-Croix-en-Jarez, du 7 au 15 juin. Ouverte tous les jours, de 14h \u00e0 18h, et le dimanche de 10h \u00e0 12h, ce sera l\u2019occasion de d\u00e9couvrir le travail de nombreux artistes comme Maryse Bouchet, G\u00e9rard Berthon, ou encore Fran\u00e7oise Sutour.<\/p>\n<p>2 \u2013 In<\/p>\n<p>Dans le cadre de la <a href=\"https:\/\/www.if-saint-etienne.fr\/culture-loisirs\/la-biennale-du-design-renoue-avec-ses-premieres-amours\" target=\"_blank\" rel=\"noreferrer noopener\">Biennale<\/a> internationale design Saint-Etienne, les \u00e9l\u00e8ves du lyc\u00e9e des m\u00e9tiers de la mode Adrien Testud organisent des d\u00e9fil\u00e9s samedi 7 juin, \u00e0 14h, 16h30 et 19h, \u00e0 la Cit\u00e9 du design. Un d\u00e9fil\u00e9 original puisqu\u2019il sera notamment compos\u00e9 de pi\u00e8ces r\u00e9alis\u00e9es \u00e0 partir de supports signal\u00e9tiques des JO 2024. Au programme\u00a0: pas moins de 12 tableaux et 60 tenues.<\/p>\n<p>3 \u2013 En route<\/p>\n<p>Les 7 et 8 juin, c\u2019est le retour des <a href=\"http:\/\/www.24heuresderochelamoliere.com\/\" target=\"_blank\" rel=\"noreferrer noopener\">24 heures de Roche<\/a>, \u00e0 Roche-la-Moli\u00e8re. 24h, 12h, ou 6h, plusieurs parcours sont \u00e0 disposition des courageux qui se lancent ce d\u00e9fi. Avec une nouveaut\u00e9 cette ann\u00e9e, la possibilit\u00e9 d\u2019un 12 heures en \u00e9quipe.<\/p>\n<p>4 \u2013 Gourmandise<\/p>\n<p>Vendredi 6 juin, Mons fromager et affineur organise une visite de sa cave d\u2019affinage, am\u00e9nag\u00e9e au sein d\u2019un ancien tunnel ferroviaire, \u00e0 Ambierle. Une visite insolite, \u00e9videmment suivie par une d\u00e9gustation de fromages et vins. Uniquement sur <a href=\"https:\/\/www.roannais-tourisme.com\/billetterie\/billetterie-des-evenements\/\" target=\"_blank\" rel=\"noreferrer noopener\">r\u00e9servation<\/a>.<\/p>\n<p>5 \u2013 Made in Loire<\/p>\n<p>En parall\u00e8le du <a href=\"https:\/\/www.if-saint-etienne.fr\/breves\/le-marathon-de-la-biere-est-de-retour-au-mois-de-juin\" target=\"_blank\" rel=\"noreferrer noopener\">Marathon de la bi\u00e8re<\/a> aura lieu ce week-end \u00e0 Montbrison, se tiendra le Salon du Made in Loire, les samedi dimanche et lundi. Au programme, produits du terroir, artisans, brasseurs et producteurs locaux.<\/p>\n","protected":false},"excerpt":{"rendered":"Voici la s\u00e9lection de la r\u00e9daction de If Saint-Etienne pour se divertir et s\u2019amuser dans la Loire le&hellip;\n","protected":false},"author":2,"featured_media":69028,"comment_status":"","ping_status":"","sticky":false,"template":"","format":"standard","meta":{"footnotes":""},"categories":[9653],"tags":[14428,1111,11,2430,24097,17108,1777,674,1011,27,14429,12,14430,25,4001],"class_list":{"0":"post-139126","1":"post","2":"type-post","3":"status-publish","4":"format-standard","5":"has-post-thumbnail","7":"category-saint-etienne","8":"tag-activites-week-end-loire","9":"tag-actu","10":"tag-actualites","11":"tag-auvergne-rhone-alpes","12":"tag-biennale-internationale-design-saint-etienne-2025","13":"tag-chartreuse-de-sainte-croix-en-jarez","14":"tag-eu","15":"tag-europe","16":"tag-fr","17":"tag-france","18":"tag-idees-sorties-loire","19":"tag-news","20":"tag-recreatif","21":"tag-republique-francaise","22":"tag-saint-etienne"},"share_on_mastodon":{"url":"https:\/\/pubeurope.com\/@fr\/114596594590085673","error":""},"_links":{"self":[{"href":"https:\/\/www.europesays.com\/fr\/wp-json\/wp\/v2\/posts\/139126","targetHints":{"allow":["GET"]}}],"collection":[{"href":"https:\/\/www.europesays.com\/fr\/wp-json\/wp\/v2\/posts"}],"about":[{"href":"https:\/\/www.europesays.com\/fr\/wp-json\/wp\/v2\/types\/post"}],"author":[{"embeddable":true,"href":"https:\/\/www.europesays.com\/fr\/wp-json\/wp\/v2\/users\/2"}],"replies":[{"embeddable":true,"href":"https:\/\/www.europesays.com\/fr\/wp-json\/wp\/v2\/comments?post=139126"}],"version-history":[{"count":0,"href":"https:\/\/www.europesays.com\/fr\/wp-json\/wp\/v2\/posts\/139126\/revisions"}],"wp:featuredmedia":[{"embeddable":true,"href":"https:\/\/www.europesays.com\/fr\/wp-json\/wp\/v2\/media\/69028"}],"wp:attachment":[{"href":"https:\/\/www.europesays.com\/fr\/wp-json\/wp\/v2\/media?parent=139126"}],"wp:term":[{"taxonomy":"category","embeddable":true,"href":"https:\/\/www.europesays.com\/fr\/wp-json\/wp\/v2\/categories?post=139126"},{"taxonomy":"post_tag","embeddable":true,"href":"https:\/\/www.europesays.com\/fr\/wp-json\/wp\/v2\/tags?post=139126"}],"curies":[{"name":"wp","href":"https:\/\/api.w.org\/{rel}","templated":true}]}}