{"id":139127,"date":"2025-05-30T11:40:13","date_gmt":"2025-05-30T11:40:13","guid":{"rendered":"https:\/\/www.europesays.com\/fr\/139127\/"},"modified":"2025-05-30T11:40:13","modified_gmt":"2025-05-30T11:40:13","slug":"le-top-10-de-ligue-1-pour-2-stephanois","status":"publish","type":"post","link":"https:\/\/www.europesays.com\/fr\/139127\/","title":{"rendered":"Le top 10 de Ligue 1 pour 2 st\u00e9phanois !"},"content":{"rendered":"<p data-start=\"290\" data-end=\"561\"><strong data-start=\"290\" data-end=\"561\">Malgr\u00e9 l\u2019une des d\u00e9fenses les plus poreuses de Ligue 1 cette saison, deux joueurs de l\u2019AS Saint-\u00c9tienne (ASSE) figurent parmi les dix meilleurs intercepteurs du championnat. <\/strong><\/p>\n<p data-start=\"290\" data-end=\"561\">Avec 77 buts encaiss\u00e9s cette saison, l\u2019AS Saint-\u00c9tienne a souvent fait figure de passoire d\u00e9fensive. Les critiques se sont succ\u00e9d\u00e9es, soulignant un manque de coh\u00e9rence tactique et de stabilit\u00e9 derri\u00e8re. Pourtant, une statistique vient nuancer ce constat : deux joueurs du groupe vert figurent dans le Top 10 des meilleurs intercepteurs de Ligue 1, selon les donn\u00e9es de <a href=\"https:\/\/www.whoscored.com\/regions\/74\/tournaments\/22\/seasons\/10329\/stages\/23414\/playerstatistics\/france-ligue-1-2024-2025\" target=\"_blank\" rel=\"noopener\">WhoScored<\/a>.<\/p>\n<p>Mensah et Clauss en leaders<\/p>\n<p data-start=\"2352\" data-end=\"2736\">En t\u00eate du classement, <strong data-start=\"2375\" data-end=\"2392\">Gideon Mensah<\/strong> impressionne. Le lat\u00e9ral d\u2019Auxerre a largement particip\u00e9 aux bonnes performances bourguignonnes, avec une moyenne de 2,3 tacles et 1,7 interception par match. Il incarne un joueur de couloir moderne, capable de d\u00e9fendre haut tout en restant lucide dans ses prises de d\u00e9cision. Sa r\u00e9gularit\u00e9 \u00e0 la r\u00e9cup\u00e9ration en fait un atout majeur de l\u2019\u00e9quipe bourguignonne.<\/p>\n<p data-start=\"2738\" data-end=\"3061\">Derri\u00e8re lui, <strong data-start=\"2752\" data-end=\"2771\">Jonathan Clauss<\/strong>, repositionn\u00e9 \u00e0 Nice dans un r\u00f4le plus d\u00e9fensif, confirme son adaptation avec \u00e9galement 1,7 interception de moyenne. Connu pour son activit\u00e9 offensive, il montre cette saison une facette plus compl\u00e8te de son jeu, et prouve qu\u2019il sait aussi d\u00e9fendre efficacement quand le collectif l\u2019exige.<\/p>\n<p>ASSE : Des performances individuelles dans un collectif en souffrance<\/p>\n<p data-start=\"1104\" data-end=\"1558\">C\u00f4t\u00e9 st\u00e9phanois, on ne s&rsquo;attendait toutefois pas \u00e0 trouver deux \u00e9l\u00e9ments dans le top 10. Cette surprise statistique met en lumi\u00e8re l\u2019impact de deux joueurs de l\u2019ASSE, pourtant peu mis en valeur jusqu\u2019ici : Pierre Ekwah, au milieu, et Dylan Batubinsika, en d\u00e9fense centrale. Le premier affiche une moyenne de 1,6 interception par match en 29 apparitions, preuve de sa lecture du jeu et de son activit\u00e9 dans l&rsquo;entrejeu. Le second, plus bas sur le terrain, pr\u00e9sente la m\u00eame moyenne, consolidant sa r\u00e9putation de joueur fiable dans l\u2019anticipation.<\/p>\n<p data-start=\"1560\" data-end=\"1981\">Ces chiffres, s\u2019ils ne suffisent pas \u00e0 masquer les failles collectives, traduisent n\u00e9anmoins un engagement individuel que seuls les statistiques permettent de mettre en valeur. Si Pierre Ekwah a souvent \u00e9t\u00e9 salu\u00e9 comme un joueur pr\u00e9cieux dans l&rsquo;entre-jeu, Dylan Batubinsika n&rsquo;a en revanche pas d\u00e9gag\u00e9 la m\u00eame aisance. Les assauts successifs des adversaires de l&rsquo;ASSE ont forc\u00e9ment permis \u00e0 ces deux joueurs de travailler cette statistique !<\/p>\n<p>Une base pour repartir de l\u2019avant ?<\/p>\n<p data-start=\"3180\" data-end=\"3593\">Ce contraste entre performance individuelle et difficult\u00e9 collective m\u00e9rite d\u2019\u00eatre soulign\u00e9. Alors que l\u2019ASSE devra revoir en profondeur son approche d\u00e9fensive cet \u00e9t\u00e9, ces deux joueurs pourraient n\u00e9anmoins faire leurs valises.<\/p>\n<p data-start=\"3595\" data-end=\"3910\">En attendant, cette statistique flatteuse reste un accessoire motif de satisfaction au cours d\u2019une saison \u00e0 oublier. L&rsquo;ASSE devrait \u00e9crire la suite de son parcours en bousculant un effectif qui a prouv\u00e9 qu&rsquo;il n&rsquo;avait pas eu le niveau en Ligue 1.<\/p>\n","protected":false},"excerpt":{"rendered":"Malgr\u00e9 l\u2019une des d\u00e9fenses les plus poreuses de Ligue 1 cette saison, deux joueurs de l\u2019AS Saint-\u00c9tienne (ASSE)&hellip;\n","protected":false},"author":2,"featured_media":139128,"comment_status":"","ping_status":"","sticky":false,"template":"","format":"standard","meta":{"footnotes":""},"categories":[9653],"tags":[1111,11,26557,444,461,2430,26558,26559,26560,26561,26562,26563,1777,674,1011,27,26564,26565,66,26566,12,26567,25,4001,26568],"class_list":{"0":"post-139127","1":"post","2":"type-post","3":"status-publish","4":"format-standard","5":"has-post-thumbnail","7":"category-saint-etienne","8":"tag-actu","9":"tag-actualites","10":"tag-analyse-football","11":"tag-as-saint-etienne","12":"tag-asse","13":"tag-auvergne-rhone-alpes","14":"tag-batubinsika","15":"tag-classement-defensif","16":"tag-classement-interceptions","17":"tag-defense-asse","18":"tag-donnees-whoscored","19":"tag-ekwah","20":"tag-eu","21":"tag-europe","22":"tag-fr","23":"tag-france","24":"tag-interceptions","25":"tag-joueurs-asse","26":"tag-ligue-1","27":"tag-meilleur-intercepteur","28":"tag-news","29":"tag-performances-individuelles","30":"tag-republique-francaise","31":"tag-saint-etienne","32":"tag-stats-ligue-1"},"share_on_mastodon":{"url":"https:\/\/pubeurope.com\/@fr\/114596598505455844","error":""},"_links":{"self":[{"href":"https:\/\/www.europesays.com\/fr\/wp-json\/wp\/v2\/posts\/139127","targetHints":{"allow":["GET"]}}],"collection":[{"href":"https:\/\/www.europesays.com\/fr\/wp-json\/wp\/v2\/posts"}],"about":[{"href":"https:\/\/www.europesays.com\/fr\/wp-json\/wp\/v2\/types\/post"}],"author":[{"embeddable":true,"href":"https:\/\/www.europesays.com\/fr\/wp-json\/wp\/v2\/users\/2"}],"replies":[{"embeddable":true,"href":"https:\/\/www.europesays.com\/fr\/wp-json\/wp\/v2\/comments?post=139127"}],"version-history":[{"count":0,"href":"https:\/\/www.europesays.com\/fr\/wp-json\/wp\/v2\/posts\/139127\/revisions"}],"wp:featuredmedia":[{"embeddable":true,"href":"https:\/\/www.europesays.com\/fr\/wp-json\/wp\/v2\/media\/139128"}],"wp:attachment":[{"href":"https:\/\/www.europesays.com\/fr\/wp-json\/wp\/v2\/media?parent=139127"}],"wp:term":[{"taxonomy":"category","embeddable":true,"href":"https:\/\/www.europesays.com\/fr\/wp-json\/wp\/v2\/categories?post=139127"},{"taxonomy":"post_tag","embeddable":true,"href":"https:\/\/www.europesays.com\/fr\/wp-json\/wp\/v2\/tags?post=139127"}],"curies":[{"name":"wp","href":"https:\/\/api.w.org\/{rel}","templated":true}]}}