{"id":139131,"date":"2025-05-30T11:42:11","date_gmt":"2025-05-30T11:42:11","guid":{"rendered":"https:\/\/www.europesays.com\/fr\/139131\/"},"modified":"2025-05-30T11:42:11","modified_gmt":"2025-05-30T11:42:11","slug":"asnl-krishen-sud-meme-la-ligue-2-nest-pas-suffisante-pour-nancy-il-faut-retrouver-la-ligue-1","status":"publish","type":"post","link":"https:\/\/www.europesays.com\/fr\/139131\/","title":{"rendered":"ASNL &#8211; Krishen Sud : \u00ab M\u00eame la Ligue 2 n&rsquo;est pas suffisante pour Nancy, il faut retrouver la Ligue 1 \u00bb"},"content":{"rendered":"<p style=\"text-align: justify;\">Apr\u00e8s avoir pass\u00e9 trois ann\u00e9es en <strong>National 1<\/strong>, <strong>Nancy<\/strong> est enfin de retour en <strong>Ligue 2<\/strong> ! Avec la mani\u00e8re et le titre de champion, le club au chardon a assum\u00e9 en 2024-2025 son statut de club historique du football fran\u00e7ais et de favori \u00e0 l\u2019accession. <a href=\"https:\/\/maligue2.fr\/2025\/05\/29\/barrages-le-fc-metz-renverse-le-stade-de-reims-et-remonte-en-ligue-1\/\" target=\"_blank\" rel=\"noopener\">Si l\u2019ASNL ne retrouvera pas son rival de toujours, Metz, cette saison-ci<\/a>, elle esp\u00e8re bien pouvoir suivre son exemple et monter en <strong>Ligue 1<\/strong> d\u2019ici peu, \u00e0 l\u2019image de l\u2019actionnaire et pr\u00e9sident <strong>Krishen Sud<\/strong>, qui s\u2019exprime au micro d\u2019Ici Lorraine.<\/p>\n<p style=\"text-align: justify;\">\u00c0 lire aussi &gt;&gt;\u00a0<a href=\"https:\/\/maligue2.fr\/2025\/05\/24\/asnl-la-date-de-reprise-quatre-matchs-amicaux-et-un-stage-sont-connus\/\" target=\"_blank\" rel=\"noopener\">ASNL \u2013 La date de reprise, quatre matchs amicaux et un stage sont connus<\/a><\/p>\n<p style=\"text-align: justify;\">\u00ab Nancy n\u2019est pas une \u00e9quipe qui doit \u00e9voluer en National, m\u00eame la Ligue 2 n\u2019est pas suffisante pour Nancy. Il faut que nous poursuivions sur cette dynamique dans l\u2019objectif de retrouver la Ligue 1. Cela prendra peut-\u00eatre du temps, mais c\u2019est notre ambition. L\u2019ambition de l\u2019\u00e9quipe est de r\u00e9int\u00e9grer la Ligue 1, d\u2019ici deux ou trois ans. \u00bb<\/p>\n<p style=\"text-align: justify;\">Source : <a href=\"https:\/\/www.francebleu.fr\/emissions\/l-info-d-ici-ici-sud-lorraine\/retour-sur-la-saison-de-l-asnl-quelles-perspectives-pour-la-saison-a-venir-8276976\" target=\"_blank\" rel=\"noopener\">Ici Lorraine.<\/a><\/p>\n<p style=\"text-align: justify;\">Photo Antonin Utz\/Icon Sport<\/p>\n","protected":false},"excerpt":{"rendered":"Apr\u00e8s avoir pass\u00e9 trois ann\u00e9es en National 1, Nancy est enfin de retour en Ligue 2 ! Avec&hellip;\n","protected":false},"author":2,"featured_media":139132,"comment_status":"","ping_status":"","sticky":false,"template":"","format":"standard","meta":{"footnotes":""},"categories":[9635],"tags":[1111,11,1777,674,1011,27,775,16030,1702,12,25],"class_list":{"0":"post-139131","1":"post","2":"type-post","3":"status-publish","4":"format-standard","5":"has-post-thumbnail","7":"category-nancy","8":"tag-actu","9":"tag-actualites","10":"tag-eu","11":"tag-europe","12":"tag-fr","13":"tag-france","14":"tag-grand-est","15":"tag-krishen-sud","16":"tag-nancy","17":"tag-news","18":"tag-republique-francaise"},"share_on_mastodon":{"url":"https:\/\/pubeurope.com\/@fr\/114596606367483089","error":""},"_links":{"self":[{"href":"https:\/\/www.europesays.com\/fr\/wp-json\/wp\/v2\/posts\/139131","targetHints":{"allow":["GET"]}}],"collection":[{"href":"https:\/\/www.europesays.com\/fr\/wp-json\/wp\/v2\/posts"}],"about":[{"href":"https:\/\/www.europesays.com\/fr\/wp-json\/wp\/v2\/types\/post"}],"author":[{"embeddable":true,"href":"https:\/\/www.europesays.com\/fr\/wp-json\/wp\/v2\/users\/2"}],"replies":[{"embeddable":true,"href":"https:\/\/www.europesays.com\/fr\/wp-json\/wp\/v2\/comments?post=139131"}],"version-history":[{"count":0,"href":"https:\/\/www.europesays.com\/fr\/wp-json\/wp\/v2\/posts\/139131\/revisions"}],"wp:featuredmedia":[{"embeddable":true,"href":"https:\/\/www.europesays.com\/fr\/wp-json\/wp\/v2\/media\/139132"}],"wp:attachment":[{"href":"https:\/\/www.europesays.com\/fr\/wp-json\/wp\/v2\/media?parent=139131"}],"wp:term":[{"taxonomy":"category","embeddable":true,"href":"https:\/\/www.europesays.com\/fr\/wp-json\/wp\/v2\/categories?post=139131"},{"taxonomy":"post_tag","embeddable":true,"href":"https:\/\/www.europesays.com\/fr\/wp-json\/wp\/v2\/tags?post=139131"}],"curies":[{"name":"wp","href":"https:\/\/api.w.org\/{rel}","templated":true}]}}