{"id":139133,"date":"2025-05-30T11:43:10","date_gmt":"2025-05-30T11:43:10","guid":{"rendered":"https:\/\/www.europesays.com\/fr\/139133\/"},"modified":"2025-05-30T11:43:10","modified_gmt":"2025-05-30T11:43:10","slug":"on-fait-quoi-ce-week-end-voici-quatre-idees-de-sorties-dans-la-metropole-de-toulon","status":"publish","type":"post","link":"https:\/\/www.europesays.com\/fr\/139133\/","title":{"rendered":"On fait quoi ce week-end? Voici quatre id\u00e9es de sorties dans la m\u00e9tropole de Toulon"},"content":{"rendered":"<p>                                Un meeting a\u00e9rien pour les cent ans de la BAN d\u2019Hy\u00e8res <\/p>\n<p>Les yeux seront tourn\u00e9s vers le ciel, ce dimanche. Pour c\u00e9l\u00e9brer le centenaire de la base d\u2019a\u00e9ronautique navale d\u2019Hy\u00e8res, la Patrouille de France offrira un show a\u00e9rien impressionnant. Au programme : d\u00e9monstrations spectaculaires, animations et atelier autour de l\u2019aviation.<\/p>\n<p><strong>Savoir+<\/strong><br \/>&#13;<br \/>\nDimanche 1er juin de 10h \u00e0 18h. Base a\u00e9ronautique d\u2019Hy\u00e8res. <br \/>&#13;<br \/>\nAdultes: 18 euros, 8 euros pour les 10 \u00e0 18 ans et 1 euro pour les moins de 10 ans. <\/p>\n<p>Faites du v\u00e9lo dans la m\u00e9tropole <\/p>\n<p>              <img ci-src=\"https:\/\/www.varmatin.com\/detente\/Image+maxmatinarchtwo053674-eejxqaBd.jpg?vh=44f465&amp;ci_seal=0763d7d84d\" alt=\"\"\/><br \/>\n        Toulon, La Seyne, Ollioules, La Valette, Carqueiranne et Six-Fours vont c\u00e9l\u00e9brer la petite reine. <strong>Photo A.R..<\/strong> <\/p>\n<p>Tous en selle! La f\u00eate nationale du v\u00e9lo revient dans plusieurs communes de la m\u00e9tropole. Les balades \u00e0 deux-roues seront de rigueur ce week-end dans plusieurs communes. Avec un village v\u00e9lo \u00e0 d\u00e9couvrir \u00e0 Six-Fours, de 10h \u00e0 17h. L\u2019an dernier, vous \u00e9tiez pr\u00e8s de 4.000 passionn\u00e9s \u00e0 y participer. Cette ann\u00e9e encore, l\u2019ambiance promet d\u2019\u00eatre au rendez-vous.<\/p>\n<p><strong>Savoir+<\/strong><br \/>&#13;<br \/>\nSamedi 31 mai. Toulon, La Seyne, Ollioules, La Valette, Carqueiranne, Six-Fours. Gratuit<\/p>\n<p>On d\u00e9couvre la street food \u00e0 La Crau <\/p>\n<p>              <img ci-src=\"https:\/\/www.varmatin.com\/detente\/Image+maxmatinarch294210-uUWtX1qh.jpg?vh=225fba&amp;ci_seal=c7c04946ea\" alt=\"\"\/><br \/>\n        La Crau Street food festival va r\u00e9galer vos papilles et&#8230; vos oreilles. <strong>Photo E.O..<\/strong> <\/p>\n<p>Vous allez avoir l\u2019eau \u00e0 la bouche. Le festival La Crau Street food festival vous propose de d\u00e9couvrir des food trucks et stands gourmands autour d\u2019animations musicales. Une occasion id\u00e9ale de r\u00e9galer vos papilles et profiter d\u2019une soir\u00e9e annon\u00e7ant d\u00e9j\u00e0 l\u2019\u00e9t\u00e9!<\/p>\n<p><strong>Savoir+<\/strong><br \/>&#13;<br \/>\nSamedi 31 mai, de 18h \u00e0 1h du matin. Place Reynaud, La Crau. Gratuit <\/p>\n<p>Le mon (t) Faron en f\u00eate <\/p>\n<p>Le mont Faron devient le terrain de jeu des familles ce dimanche! Organis\u00e9 par Tandem, ce rendez-vous m\u00eale animations, nature, blind tests, chasse au tr\u00e9sor et visite du M\u00e9morial du D\u00e9barquement de Provence. Jeux et bonne humeur vous attendent au sommet!<\/p>\n<p><strong>Savoir+<\/strong><br \/>&#13;<br \/>\nDimanche 1er juin, de 10h30 \u00e0 19h. Route du mont Faron. Gratuit<\/p>\n","protected":false},"excerpt":{"rendered":"Un meeting a\u00e9rien pour les cent ans de la BAN d\u2019Hy\u00e8res Les yeux seront tourn\u00e9s vers le ciel,&hellip;\n","protected":false},"author":2,"featured_media":139134,"comment_status":"","ping_status":"","sticky":false,"template":"","format":"standard","meta":{"footnotes":""},"categories":[9619],"tags":[1111,11,1777,674,1011,27,1393,12,882,25,2310],"class_list":{"0":"post-139133","1":"post","2":"type-post","3":"status-publish","4":"format-standard","5":"has-post-thumbnail","7":"category-toulon","8":"tag-actu","9":"tag-actualites","10":"tag-eu","11":"tag-europe","12":"tag-fr","13":"tag-france","14":"tag-loisirs","15":"tag-news","16":"tag-provence-alpes-cote-dazur","17":"tag-republique-francaise","18":"tag-toulon"},"share_on_mastodon":{"url":"https:\/\/pubeurope.com\/@fr\/114596610383371432","error":""},"_links":{"self":[{"href":"https:\/\/www.europesays.com\/fr\/wp-json\/wp\/v2\/posts\/139133","targetHints":{"allow":["GET"]}}],"collection":[{"href":"https:\/\/www.europesays.com\/fr\/wp-json\/wp\/v2\/posts"}],"about":[{"href":"https:\/\/www.europesays.com\/fr\/wp-json\/wp\/v2\/types\/post"}],"author":[{"embeddable":true,"href":"https:\/\/www.europesays.com\/fr\/wp-json\/wp\/v2\/users\/2"}],"replies":[{"embeddable":true,"href":"https:\/\/www.europesays.com\/fr\/wp-json\/wp\/v2\/comments?post=139133"}],"version-history":[{"count":0,"href":"https:\/\/www.europesays.com\/fr\/wp-json\/wp\/v2\/posts\/139133\/revisions"}],"wp:featuredmedia":[{"embeddable":true,"href":"https:\/\/www.europesays.com\/fr\/wp-json\/wp\/v2\/media\/139134"}],"wp:attachment":[{"href":"https:\/\/www.europesays.com\/fr\/wp-json\/wp\/v2\/media?parent=139133"}],"wp:term":[{"taxonomy":"category","embeddable":true,"href":"https:\/\/www.europesays.com\/fr\/wp-json\/wp\/v2\/categories?post=139133"},{"taxonomy":"post_tag","embeddable":true,"href":"https:\/\/www.europesays.com\/fr\/wp-json\/wp\/v2\/tags?post=139133"}],"curies":[{"name":"wp","href":"https:\/\/api.w.org\/{rel}","templated":true}]}}