{"id":139145,"date":"2025-05-30T11:52:14","date_gmt":"2025-05-30T11:52:14","guid":{"rendered":"https:\/\/www.europesays.com\/fr\/139145\/"},"modified":"2025-05-30T11:52:14","modified_gmt":"2025-05-30T11:52:14","slug":"rap-grenoble-real-madrid-et-tube-de-lete-on-a-rencontre-karmen","status":"publish","type":"post","link":"https:\/\/www.europesays.com\/fr\/139145\/","title":{"rendered":"Rap, Grenoble, Real Madrid et tube de l&rsquo;\u00e9t\u00e9&#8230; On a rencontr\u00e9 Karmen"},"content":{"rendered":"<p>Sur TikTok, son titre Alicante en duo avec PLK cartonne. Futur tube de l&rsquo;\u00e9t\u00e9 ? En attendant, Karmen s&rsquo;est confi\u00e9 sur son changement de nom, sa nouvelle direction artistique mais aussi sur son amour du football. En bonus il nous a m\u00eame confi\u00e9 la composition de son tacos pr\u00e9f\u00e9r\u00e9 Notre article complet : https:\/\/www.20minutes.fr\/arts-stars\/4155041-20250531-alerte-enlevement-passe-tube (https:\/\/www.20minutes.fr\/arts-stars\/4155041-20250531-alerte-enlevement-passe-tube) 20 Minutes, tout le monde s&rsquo;y retrouve. Alors abonnez-vous et activez la fameuse cloche : https:\/\/www.youtube.com\/channel\/UCD25QI36ly-8hWm9OPOz7aw (https:\/\/www.youtube.com\/channel\/UCD25QI36ly-8hWm9OPOz7aw)<\/p>\n","protected":false},"excerpt":{"rendered":"Sur TikTok, son titre Alicante en duo avec PLK cartonne. Futur tube de l&rsquo;\u00e9t\u00e9 ? En attendant, Karmen&hellip;\n","protected":false},"author":2,"featured_media":139146,"comment_status":"","ping_status":"","sticky":false,"template":"","format":"standard","meta":{"footnotes":""},"categories":[9566],"tags":[1111,11,26570,2430,26571,1777,674,1011,27,2731,26572,12,25,26569],"class_list":{"0":"post-139145","1":"post","2":"type-post","3":"status-publish","4":"format-standard","5":"has-post-thumbnail","7":"category-grenoble","8":"tag-actu","9":"tag-actualites","10":"tag-alicante","11":"tag-auvergne-rhone-alpes","12":"tag-changement-de-nom","13":"tag-eu","14":"tag-europe","15":"tag-fr","16":"tag-france","17":"tag-grenoble","18":"tag-karmen","19":"tag-news","20":"tag-republique-francaise","21":"tag-tube-de-lete"},"share_on_mastodon":{"url":"https:\/\/pubeurope.com\/@fr\/114596645729147787","error":""},"_links":{"self":[{"href":"https:\/\/www.europesays.com\/fr\/wp-json\/wp\/v2\/posts\/139145","targetHints":{"allow":["GET"]}}],"collection":[{"href":"https:\/\/www.europesays.com\/fr\/wp-json\/wp\/v2\/posts"}],"about":[{"href":"https:\/\/www.europesays.com\/fr\/wp-json\/wp\/v2\/types\/post"}],"author":[{"embeddable":true,"href":"https:\/\/www.europesays.com\/fr\/wp-json\/wp\/v2\/users\/2"}],"replies":[{"embeddable":true,"href":"https:\/\/www.europesays.com\/fr\/wp-json\/wp\/v2\/comments?post=139145"}],"version-history":[{"count":0,"href":"https:\/\/www.europesays.com\/fr\/wp-json\/wp\/v2\/posts\/139145\/revisions"}],"wp:featuredmedia":[{"embeddable":true,"href":"https:\/\/www.europesays.com\/fr\/wp-json\/wp\/v2\/media\/139146"}],"wp:attachment":[{"href":"https:\/\/www.europesays.com\/fr\/wp-json\/wp\/v2\/media?parent=139145"}],"wp:term":[{"taxonomy":"category","embeddable":true,"href":"https:\/\/www.europesays.com\/fr\/wp-json\/wp\/v2\/categories?post=139145"},{"taxonomy":"post_tag","embeddable":true,"href":"https:\/\/www.europesays.com\/fr\/wp-json\/wp\/v2\/tags?post=139145"}],"curies":[{"name":"wp","href":"https:\/\/api.w.org\/{rel}","templated":true}]}}