{"id":139153,"date":"2025-05-30T11:56:09","date_gmt":"2025-05-30T11:56:09","guid":{"rendered":"https:\/\/www.europesays.com\/fr\/139153\/"},"modified":"2025-05-30T11:56:09","modified_gmt":"2025-05-30T11:56:09","slug":"strasbourg-exposition-autour-du-travail-du-sexe-dimanche-1er-juin","status":"publish","type":"post","link":"https:\/\/www.europesays.com\/fr\/139153\/","title":{"rendered":"Strasbourg. Exposition autour du travail du sexe dimanche 1er juin"},"content":{"rendered":"<p class=\"wp-block-post-excerpt__excerpt\">\u00c0 l\u2019occasion de la journ\u00e9e internationale des luttes des travailleurs et travailleuses du sexe, leur syndicat local organise un apr\u00e8s-midi de rencontre et d\u2019exposition dimanche 1er juin \u00e0 Strasbourg suivi d\u2019une manifestation. <\/p>\n<p class=\"font-sans\">\n\t\t\tCet article est en acc\u00e8s libre. Pour soutenir Rue89 Strasbourg,<br \/>\n\t\t\t<a class=\"underline\" href=\"https:\/\/www.rue89strasbourg.com\/abonnement\" rel=\"nofollow noopener\" target=\"_blank\">abonnez-vous<\/a>.\n\t\t<\/p>\n<p>Camille Balzinger<\/p>\n<p>Publi\u00e9 le 30 mai 2025\u00a0\u00a0\u00b7\u00a0\u00a0<\/p>\n<p>Imprim\u00e9 le 30 mai 2025 \u00e0 13h24\u00a0\u00a0\u00b7\u00a0\u00a0<\/p>\n<p>\t\t\t\t\t1\u00a0minute\n<\/p>\n<p>Dimanche 1er juin \u00e0 15h, le syndicat des travailleurs et travailleuses du sexe (TDS) de la CNT, <a href=\"https:\/\/www.rue89strasbourg.com\/travail-du-sexe-section-syndicale-strasbourg-301399\" target=\"_blank\" rel=\"noreferrer noopener nofollow\">dont Rue89 Strasbourg racontait la gen\u00e8se<\/a>, organise un apr\u00e8s-midi d\u2019\u00e9change autour de la diversit\u00e9 de ses m\u00e9tiers. \u00c0 La Plage Digitale, dans le quartier de la Krutenau, il propose de discuter de ce en quoi consistent les diff\u00e9rents types travail du sexe et les luttes qui en d\u00e9coulent. Le tout, accompagn\u00e9 d\u2019une exposition et en acc\u00e8s libre.<\/p>\n<p>Cette journ\u00e9e marque la cinquanti\u00e8me journ\u00e9e internationale des luttes des TDS. \u00c0 18h, l\u2019apr\u00e8s-midi continue place d\u2019Austerlitz avec un rassemblement. <\/p>\n<p>La date de cette manifestation <a href=\"https:\/\/www.ledevoir.com\/opinion\/idees\/813975\/idees-nous-ne-laisserons-pas-travailleuses-sexe-etre-reduites-silence\" target=\"_blank\" rel=\"noreferrer noopener nofollow\">vient de l\u2019ann\u00e9e 1975<\/a>, o\u00f9 une centaine de travailleuses du sexe ont \u00ab\u00a0occup\u00e9 l\u2019\u00e9glise Saint-Nizier \u00e0 Lyon pour exprimer leur col\u00e8re face \u00e0 la criminalisation et \u00e0 l\u2019exploitation de leurs conditions de vie\u00a0\u00bb.<\/p>\n<p>Y <strong>aller<\/strong><\/p>\n<p><strong>Journ\u00e9e internationale des luttes des travailleurs et travailleuses du sexe<\/strong>, de 15h \u00e0 18h \u00e0 la Plage Digitale, 13 rue Jacques Peirotes, Strasbourg\u00a0\u2013 Krutenau, puis 18h place d\u2019Auzterlitz.<\/p>\n","protected":false},"excerpt":{"rendered":"\u00c0 l\u2019occasion de la journ\u00e9e internationale des luttes des travailleurs et travailleuses du sexe, leur syndicat local organise&hellip;\n","protected":false},"author":2,"featured_media":139154,"comment_status":"","ping_status":"","sticky":false,"template":"","format":"standard","meta":{"footnotes":""},"categories":[2820],"tags":[1111,11,1777,674,1011,27,775,2088,12,25,640],"class_list":{"0":"post-139153","1":"post","2":"type-post","3":"status-publish","4":"format-standard","5":"has-post-thumbnail","7":"category-strasbourg","8":"tag-actu","9":"tag-actualites","10":"tag-eu","11":"tag-europe","12":"tag-fr","13":"tag-france","14":"tag-grand-est","15":"tag-manifestation","16":"tag-news","17":"tag-republique-francaise","18":"tag-strasbourg"},"share_on_mastodon":{"url":"https:\/\/pubeurope.com\/@fr\/114596661369961139","error":""},"_links":{"self":[{"href":"https:\/\/www.europesays.com\/fr\/wp-json\/wp\/v2\/posts\/139153","targetHints":{"allow":["GET"]}}],"collection":[{"href":"https:\/\/www.europesays.com\/fr\/wp-json\/wp\/v2\/posts"}],"about":[{"href":"https:\/\/www.europesays.com\/fr\/wp-json\/wp\/v2\/types\/post"}],"author":[{"embeddable":true,"href":"https:\/\/www.europesays.com\/fr\/wp-json\/wp\/v2\/users\/2"}],"replies":[{"embeddable":true,"href":"https:\/\/www.europesays.com\/fr\/wp-json\/wp\/v2\/comments?post=139153"}],"version-history":[{"count":0,"href":"https:\/\/www.europesays.com\/fr\/wp-json\/wp\/v2\/posts\/139153\/revisions"}],"wp:featuredmedia":[{"embeddable":true,"href":"https:\/\/www.europesays.com\/fr\/wp-json\/wp\/v2\/media\/139154"}],"wp:attachment":[{"href":"https:\/\/www.europesays.com\/fr\/wp-json\/wp\/v2\/media?parent=139153"}],"wp:term":[{"taxonomy":"category","embeddable":true,"href":"https:\/\/www.europesays.com\/fr\/wp-json\/wp\/v2\/categories?post=139153"},{"taxonomy":"post_tag","embeddable":true,"href":"https:\/\/www.europesays.com\/fr\/wp-json\/wp\/v2\/tags?post=139153"}],"curies":[{"name":"wp","href":"https:\/\/api.w.org\/{rel}","templated":true}]}}