{"id":139156,"date":"2025-05-30T11:58:09","date_gmt":"2025-05-30T11:58:09","guid":{"rendered":"https:\/\/www.europesays.com\/fr\/139156\/"},"modified":"2025-05-30T11:58:09","modified_gmt":"2025-05-30T11:58:09","slug":"greve-ni-bus-ni-tram-jeudi-5-juin-dans-la-metropole-nice-cote-dazur","status":"publish","type":"post","link":"https:\/\/www.europesays.com\/fr\/139156\/","title":{"rendered":"Gr\u00e8ve: ni bus ni tram jeudi 5 juin dans la M\u00e9tropole Nice C\u00f4te d\u2019Azur"},"content":{"rendered":"<p>Le r\u00e9seau Lignes d\u2019Azur sera \u00e0 l\u2019arr\u00eat complet jeudi 5 juin 2025. En raison d\u2019un mouvement de gr\u00e8ve national, aucun bus ni aucun tramway ne circulera dans la M\u00e9tropole Nice C\u00f4te d\u2019Azur, confirme la collectivit\u00e9 ce vendredi.<\/p>\n<p>Comme c&rsquo;est le cas \u00e0 chaque fois qu&rsquo;une gr\u00e8ve affecte le fonctionnement des transports collectifs, la Ville de Nice devrait mettre en place la gratuit\u00e9 du stationnement sur voirie. La municipalit\u00e9 devrait l&rsquo;annoncer en d\u00e9but de semaine prochaine, apr\u00e8s que Lignes d&rsquo;Azur aura communiqu\u00e9 sur la mobilisation de ses agents.<\/p>\n<p>Cette journ\u00e9e de mobilisation est initi\u00e9e par la CGT, qui r\u00e9clame notamment l&rsquo;abrogation de la r\u00e9forme des retraites qui a repouss\u00e9 \u00e0 64 ans l&rsquo;\u00e2ge de d\u00e9part \u00e0 la retraite ainsi que des revalorisations salariales pour \u00ab\u00a0mieux r\u00e9partir les richesses\u00a0\u00bb et \u00ab\u00a0gagner l&rsquo;\u00e9galit\u00e9 salariale femmes-hommes\u00a0\u00bb.<\/p>\n<p>Cette journ\u00e9e de gr\u00e8ve interviendra, dans la M\u00e9tropole Nice-C\u00f4te d&rsquo;Azur, \u00e0 la veille des trois jours de gratuit\u00e9 (du 6 au 8 juin) instaur\u00e9s par Lignes d&rsquo;Azur avant le d\u00e9but de la conf\u00e9rence des Nations-Unies sur l&rsquo;Oc\u00e9an (Unoc), qui se tient du 9 au 13 juin au port de Nice.<\/p>\n","protected":false},"excerpt":{"rendered":"Le r\u00e9seau Lignes d\u2019Azur sera \u00e0 l\u2019arr\u00eat complet jeudi 5 juin 2025. En raison d\u2019un mouvement de gr\u00e8ve&hellip;\n","protected":false},"author":2,"featured_media":139157,"comment_status":"","ping_status":"","sticky":false,"template":"","format":"standard","meta":{"footnotes":""},"categories":[2819],"tags":[1111,11,1777,674,1011,27,12,2401,882,25,801],"class_list":{"0":"post-139156","1":"post","2":"type-post","3":"status-publish","4":"format-standard","5":"has-post-thumbnail","7":"category-nice","8":"tag-actu","9":"tag-actualites","10":"tag-eu","11":"tag-europe","12":"tag-fr","13":"tag-france","14":"tag-news","15":"tag-nice","16":"tag-provence-alpes-cote-dazur","17":"tag-republique-francaise","18":"tag-social"},"share_on_mastodon":{"url":"https:\/\/pubeurope.com\/@fr\/114596669248462415","error":""},"_links":{"self":[{"href":"https:\/\/www.europesays.com\/fr\/wp-json\/wp\/v2\/posts\/139156","targetHints":{"allow":["GET"]}}],"collection":[{"href":"https:\/\/www.europesays.com\/fr\/wp-json\/wp\/v2\/posts"}],"about":[{"href":"https:\/\/www.europesays.com\/fr\/wp-json\/wp\/v2\/types\/post"}],"author":[{"embeddable":true,"href":"https:\/\/www.europesays.com\/fr\/wp-json\/wp\/v2\/users\/2"}],"replies":[{"embeddable":true,"href":"https:\/\/www.europesays.com\/fr\/wp-json\/wp\/v2\/comments?post=139156"}],"version-history":[{"count":0,"href":"https:\/\/www.europesays.com\/fr\/wp-json\/wp\/v2\/posts\/139156\/revisions"}],"wp:featuredmedia":[{"embeddable":true,"href":"https:\/\/www.europesays.com\/fr\/wp-json\/wp\/v2\/media\/139157"}],"wp:attachment":[{"href":"https:\/\/www.europesays.com\/fr\/wp-json\/wp\/v2\/media?parent=139156"}],"wp:term":[{"taxonomy":"category","embeddable":true,"href":"https:\/\/www.europesays.com\/fr\/wp-json\/wp\/v2\/categories?post=139156"},{"taxonomy":"post_tag","embeddable":true,"href":"https:\/\/www.europesays.com\/fr\/wp-json\/wp\/v2\/tags?post=139156"}],"curies":[{"name":"wp","href":"https:\/\/api.w.org\/{rel}","templated":true}]}}