{"id":139160,"date":"2025-05-30T12:00:10","date_gmt":"2025-05-30T12:00:10","guid":{"rendered":"https:\/\/www.europesays.com\/fr\/139160\/"},"modified":"2025-05-30T12:00:10","modified_gmt":"2025-05-30T12:00:10","slug":"4-ados-arretes-pres-de-nantes","status":"publish","type":"post","link":"https:\/\/www.europesays.com\/fr\/139160\/","title":{"rendered":"4 ados arr\u00eat\u00e9s pr\u00e8s de Nantes"},"content":{"rendered":"<p>\u00c2g\u00e9s de 13 \u00e0 17 ans, quatre mineurs ont \u00e9t\u00e9 interpell\u00e9s pour une s\u00e9rie de vols violents \u00e0 Orvault, dans la banlieue nantaise. Les deux principaux mis en cause ont \u00e9t\u00e9 plac\u00e9s sous contr\u00f4le judiciaire et confi\u00e9s \u00e0 un centre \u00e9ducatif ferm\u00e9.<\/p>\n<p class=\"fig-paragraph\">Coup de filet dans la\u00a0<a href=\"http:\/\/www.lefigaro.fr\/nantes\/ils-ricanaient-a-l-evocation-des-faits-a-nantes-7-ados-juges-pour-des-agressions-ultraviolentes-dans-les-quartiers-chics-20250219\" target=\"_blank\" data-fig-type=\"NewsFlash\" rel=\"noopener\" data-gtm-custom-categorie=\"navigation\" data-gtm-custom-action=\"crossclick\" data-gtm-custom-label=\"Contextuel\" data-gtm-event=\"customEventSPE\" data-fig-domain=\"LEFIGARO\">d\u00e9linquance juv\u00e9nile nantaise<\/a>. \u00c2g\u00e9s de 13 \u00e0 17 ans, les quatre membres d\u2019une bande d\u2019adolescents ont \u00e9t\u00e9 arr\u00eat\u00e9s fin mai, dans l\u2019agglom\u00e9ration\u00a0<a href=\"https:\/\/www.lefigaro.fr\/nantes\" target=\"_blank\" data-fig-type=\"Section\" rel=\"noopener\" data-gtm-custom-categorie=\"navigation\" data-gtm-custom-action=\"crossclick\" data-gtm-custom-label=\"Contextuel\" data-gtm-event=\"customEventSPE\" data-fig-domain=\"LEFIGARO\">de Nantes<\/a>\u00a0(Loire-Atlantique), apr\u00e8s plusieurs semaines d\u2019investigations. Le groupe a pu \u00eatre rattach\u00e9 une \u00e0 s\u00e9rie d\u2019au moins huit vols avec violence commis depuis avril\u00a0<a href=\"http:\/\/www.lefigaro.fr\/nantes\/des-collegiens-menaces-au-couteau-pres-de-nantes-la-police-enquete-sur-une-serie-de-rackets-20241221\" target=\"_blank\" data-fig-type=\"NewsFlash\" rel=\"noopener\" data-gtm-custom-categorie=\"navigation\" data-gtm-custom-action=\"crossclick\" data-gtm-custom-label=\"Contextuel\" data-gtm-event=\"customEventSPE\" data-fig-domain=\"LEFIGARO\">\u00e0 Orvaut<\/a>, dans la banlieue nord de la cit\u00e9 des ducs. Multir\u00e9cidivistes, les quatre jeunes \u00e9taient d\u00e9j\u00e0 bien connus des services de police pour des faits similaires.<\/p>\n<p class=\"fig-paragraph\">La bande visait des coll\u00e9giens ou des lyc\u00e9ens isol\u00e9s, sortant de leurs cours, en fin d\u2019apr\u00e8s-midi. \u00abIls s\u2019approchaient en groupe des arr\u00eats de bus ou de tramway, et demandaient \u00e0 pouvoir emprunter le t\u00e9l\u00e9phone portable de leur victime isol\u00e9e, sous le pr\u00e9texte d\u2019appeler un parent. S\u2019ils refusaient, les jeunes r\u00e9calcitrants \u00e9taient rou\u00e9s de coups\u00bb, indique la brigade d\u2019atteinte aux biens du commissariat central de police de Nantes.<\/p>\n<p>Les deux meneurs plac\u00e9s hors du d\u00e9partement<\/p>\n<p class=\"fig-paragraph\">Au cours de leurs investigations, le groupe de police charg\u00e9 des vols avec violence a notamment \u00e9tudi\u00e9 les images des\u00a0<a href=\"http:\/\/www.lefigaro.fr\/nantes\/videosurveillance-a-nantes-le-deploiement-de-nouvelles-cameras-par-la-mairie-socialiste-irrite-ses-allies-ecologistes-20250212\" target=\"_blank\" data-fig-type=\"NewsFlash\" rel=\"noopener\" data-gtm-custom-categorie=\"navigation\" data-gtm-custom-action=\"crossclick\" data-gtm-custom-label=\"Contextuel\" data-gtm-event=\"customEventSPE\" data-fig-domain=\"LEFIGARO\">cam\u00e9ras de vid\u00e9osurveillance de la m\u00e9tropole<\/a>, ainsi que des transports en commun, en recoupant les informations avec le t\u00e9moignage des diff\u00e9rents t\u00e9moins et des victimes. Les quatre suspects ont tous reconnu les faits. Les perquisitions men\u00e9es aux diff\u00e9rents domiciles familiaux ont permis aux enqu\u00eateurs de mettre la main sur un t\u00e9l\u00e9phone portable d\u00e9clar\u00e9 vol\u00e9 \u00e0 La Chapelle-sur-Erdre, \u00e9galement dans la banlieue nantaise.<\/p>\n<p class=\"fig-paragraph\">Les deux meneurs de la bande, \u00e2g\u00e9s de 13 et 15 ans, ont \u00e9t\u00e9 d\u00e9f\u00e9r\u00e9s mercredi 28 mai devant le juge des enfants. Le duo a \u00e9t\u00e9 plac\u00e9 sous contr\u00f4le judiciaire et plac\u00e9 en centre \u00e9ducatif ferm\u00e9, hors de la Loire-Atlantique. Selon une source polici\u00e8re, les quatre jeunes arr\u00eat\u00e9s ne correspondent pas aux m\u00eames mineurs interpell\u00e9s l\u2019an pass\u00e9, pour des faits apparent\u00e9s\u00a0<a href=\"http:\/\/www.lefigaro.fr\/nantes\/on-n-est-pas-rassures-dans-ce-quartier-chic-de-nantes-les-agressions-a-repetition-de-lyceens-inquietent-les-familles-20241125\" target=\"_blank\" data-fig-type=\"NewsFlash\" rel=\"noopener\" data-gtm-custom-categorie=\"navigation\" data-gtm-custom-action=\"crossclick\" data-gtm-custom-label=\"Contextuel\" data-gtm-event=\"customEventSPE\" data-fig-domain=\"LEFIGARO\">qui avaient secou\u00e9 les quartiers chics de Nantes<\/a>. \u00abIls se connaissent tous, cependant. La majorit\u00e9 des vols de ce type dans l\u2019ouest de l\u2019agglom\u00e9ration a pu \u00eatre attribu\u00e9e \u00e0 une dizaine de personnes. Il s\u2019agit pour nous de casser la dynamique de ce groupe\u00bb, souffle-t-on dans les \u00e9tages du commissariat central. Et de rompre le cycle des vols et des violences.<\/p>\n","protected":false},"excerpt":{"rendered":"\u00c2g\u00e9s de 13 \u00e0 17 ans, quatre mineurs ont \u00e9t\u00e9 interpell\u00e9s pour une s\u00e9rie de vols violents \u00e0&hellip;\n","protected":false},"author":2,"featured_media":139161,"comment_status":"","ping_status":"","sticky":false,"template":"","format":"standard","meta":{"footnotes":""},"categories":[2818],"tags":[1111,11,26573,1777,674,462,1011,27,2640,2642,766,2638,2643,2637,2639,2646,2645,2641,2635,2644,2647,12,2636,25,2692],"class_list":{"0":"post-139160","1":"post","2":"type-post","3":"status-publish","4":"format-standard","5":"has-post-thumbnail","7":"category-nantes","8":"tag-actu","9":"tag-actualites","10":"tag-delinquance-juvenile","11":"tag-eu","12":"tag-europe","13":"tag-fc-nantes","14":"tag-fr","15":"tag-france","16":"tag-hauts-paves-saint-felix","17":"tag-ile-de-nantes","18":"tag-nantes","19":"tag-nantes-bellevue-chantenay-sainte-anne","20":"tag-nantes-breil-barberie","21":"tag-nantes-centre-ville","22":"tag-nantes-dervallieres-zola","23":"tag-nantes-doulon-bottiere","24":"tag-nantes-erdre","25":"tag-nantes-malakoff-saint-donatien","26":"tag-nantes-metropole","27":"tag-nantes-nord","28":"tag-nantes-sud","29":"tag-news","30":"tag-pays-de-la-loire","31":"tag-republique-francaise","32":"tag-vols"},"share_on_mastodon":{"url":"https:\/\/pubeurope.com\/@fr\/114596677444476492","error":""},"_links":{"self":[{"href":"https:\/\/www.europesays.com\/fr\/wp-json\/wp\/v2\/posts\/139160","targetHints":{"allow":["GET"]}}],"collection":[{"href":"https:\/\/www.europesays.com\/fr\/wp-json\/wp\/v2\/posts"}],"about":[{"href":"https:\/\/www.europesays.com\/fr\/wp-json\/wp\/v2\/types\/post"}],"author":[{"embeddable":true,"href":"https:\/\/www.europesays.com\/fr\/wp-json\/wp\/v2\/users\/2"}],"replies":[{"embeddable":true,"href":"https:\/\/www.europesays.com\/fr\/wp-json\/wp\/v2\/comments?post=139160"}],"version-history":[{"count":0,"href":"https:\/\/www.europesays.com\/fr\/wp-json\/wp\/v2\/posts\/139160\/revisions"}],"wp:featuredmedia":[{"embeddable":true,"href":"https:\/\/www.europesays.com\/fr\/wp-json\/wp\/v2\/media\/139161"}],"wp:attachment":[{"href":"https:\/\/www.europesays.com\/fr\/wp-json\/wp\/v2\/media?parent=139160"}],"wp:term":[{"taxonomy":"category","embeddable":true,"href":"https:\/\/www.europesays.com\/fr\/wp-json\/wp\/v2\/categories?post=139160"},{"taxonomy":"post_tag","embeddable":true,"href":"https:\/\/www.europesays.com\/fr\/wp-json\/wp\/v2\/tags?post=139160"}],"curies":[{"name":"wp","href":"https:\/\/api.w.org\/{rel}","templated":true}]}}