{"id":139162,"date":"2025-05-30T12:01:08","date_gmt":"2025-05-30T12:01:08","guid":{"rendered":"https:\/\/www.europesays.com\/fr\/139162\/"},"modified":"2025-05-30T12:01:08","modified_gmt":"2025-05-30T12:01:08","slug":"pendant-ce-festival-culinaire-a-bordeaux-ces-restaurants-ouvrent-leurs-cuisines-a-des-chefs-refugies","status":"publish","type":"post","link":"https:\/\/www.europesays.com\/fr\/139162\/","title":{"rendered":"Pendant ce festival culinaire \u00e0 Bordeaux, ces restaurants ouvrent leurs cuisines \u00e0 des chefs r\u00e9fugi\u00e9s"},"content":{"rendered":"<p>            Par<br \/>\n        <strong><br \/>\n            <a href=\"https:\/\/actu.fr\/auteur\/aurelien-cardot\" title=\"Consulter tous les articles de Aurelien Cardot\" rel=\"nofollow noopener\" target=\"_blank\">Aurelien Cardot<\/a><br \/>\n        <\/strong><\/p>\n<p>        Publi\u00e9 le<\/p>\n<p>            30 mai 2025 \u00e0 13h32        <\/p>\n<p>Le Refugee Food Festival revient \u00e0 <a href=\"http:\/\/actu.fr\/bordeaux\" rel=\"nofollow noopener\" target=\"_blank\">Bordeaux<\/a> pour sa 9e \u00e9dition, du 9 au 14 juin 2025. Pendant une semaine, des restaurants de la ville accueilleront des <strong>cuisiniers r\u00e9fugi\u00e9s<\/strong> pour cr\u00e9er des menus.<\/p>\n<p class=\" wall-content\">L\u2019\u00e9v\u00e9nement est port\u00e9 par Refugee Food, une structure qui \u0153uvre pour l\u2019<strong>insertion professionnelle<\/strong> des personnes r\u00e9fugi\u00e9es dans la restauration.<\/p>\n<p>Cuisines de tout horizons<\/p>\n<p class=\" wall-content\">Les participants, amateurs ou professionnels, collaborent avec des chefs locaux pour proposer une cuisine m\u00ealant <strong>diff\u00e9rentes traditions culinaires<\/strong>. Parmi elles : les cuisines s\u00e9n\u00e9galaise, ivoirienne, turque, g\u00e9orgienne, afghane, soudanaise et indienne.<\/p>\n<p class=\" wall-content\">Plusieurs types d\u2019\u00e9tablissements prennent part au festival : des <strong>restaurants \u00e9toil\u00e9s<\/strong> aux cantines du CROUS. On retrouvera donc le CROUS de Bordeaux, la Cour de Nana, Les petites cantines, La Source, D\u00e9m\u00e9ter, Le Prince Noir, le Garage moderne, la p\u00e2tisserie Jouvence et Eriu Deli.<\/p>\n<p class=\" wall-content\">Le d\u00e9tail des programmations et <strong>les r\u00e9servations<\/strong> sont d\u00e9j\u00e0 disponibles sur le <a href=\"https:\/\/festival.refugee-food.org\/bordeaux\" rel=\"nofollow noopener\" target=\"_blank\">site officiel<\/a> de l\u2019\u00e9v\u00e8nement.<\/p>\n<p>Vid\u00e9os : en ce moment sur Actu<\/p>\n<p class=\" wall-content\">Suivez toute l\u2019actualit\u00e9 de vos villes et m\u00e9dias favoris en vous inscrivant \u00e0 <a href=\"https:\/\/moncompte.actu.fr\" title=\"D\u00e9couvez Mon Actu\" rel=\"nofollow noopener\" data-trk=\"{&quot;cta&quot;:{&quot;action&quot;:&quot;https:\\\/\\\/moncompte.actu.fr&quot;,&quot;category&quot;:&quot;mon compte&quot;,&quot;from&quot;:&quot;article footer&quot;,&quot;name&quot;:&quot;Mon actu&quot;,&quot;type&quot;:&quot;cta&quot;}}\" target=\"_blank\">Mon Actu<\/a>.<\/p>\n","protected":false},"excerpt":{"rendered":"Par Aurelien Cardot Publi\u00e9 le 30 mai 2025 \u00e0 13h32 Le Refugee Food Festival revient \u00e0 Bordeaux pour&hellip;\n","protected":false},"author":2,"featured_media":139163,"comment_status":"","ping_status":"","sticky":false,"template":"","format":"standard","meta":{"footnotes":""},"categories":[2817],"tags":[1111,11,1997,902,1777,674,1011,27,12,2219,25,1340,104],"class_list":{"0":"post-139162","1":"post","2":"type-post","3":"status-publish","4":"format-standard","5":"has-post-thumbnail","7":"category-bordeaux","8":"tag-actu","9":"tag-actualites","10":"tag-bordeaux","11":"tag-cuisine","12":"tag-eu","13":"tag-europe","14":"tag-fr","15":"tag-france","16":"tag-news","17":"tag-nouvelle-aquitaine","18":"tag-republique-francaise","19":"tag-restaurant","20":"tag-societe"},"share_on_mastodon":{"url":"https:\/\/pubeurope.com\/@fr\/114596681211281918","error":""},"_links":{"self":[{"href":"https:\/\/www.europesays.com\/fr\/wp-json\/wp\/v2\/posts\/139162","targetHints":{"allow":["GET"]}}],"collection":[{"href":"https:\/\/www.europesays.com\/fr\/wp-json\/wp\/v2\/posts"}],"about":[{"href":"https:\/\/www.europesays.com\/fr\/wp-json\/wp\/v2\/types\/post"}],"author":[{"embeddable":true,"href":"https:\/\/www.europesays.com\/fr\/wp-json\/wp\/v2\/users\/2"}],"replies":[{"embeddable":true,"href":"https:\/\/www.europesays.com\/fr\/wp-json\/wp\/v2\/comments?post=139162"}],"version-history":[{"count":0,"href":"https:\/\/www.europesays.com\/fr\/wp-json\/wp\/v2\/posts\/139162\/revisions"}],"wp:featuredmedia":[{"embeddable":true,"href":"https:\/\/www.europesays.com\/fr\/wp-json\/wp\/v2\/media\/139163"}],"wp:attachment":[{"href":"https:\/\/www.europesays.com\/fr\/wp-json\/wp\/v2\/media?parent=139162"}],"wp:term":[{"taxonomy":"category","embeddable":true,"href":"https:\/\/www.europesays.com\/fr\/wp-json\/wp\/v2\/categories?post=139162"},{"taxonomy":"post_tag","embeddable":true,"href":"https:\/\/www.europesays.com\/fr\/wp-json\/wp\/v2\/tags?post=139162"}],"curies":[{"name":"wp","href":"https:\/\/api.w.org\/{rel}","templated":true}]}}