{"id":139168,"date":"2025-05-30T12:04:15","date_gmt":"2025-05-30T12:04:15","guid":{"rendered":"https:\/\/www.europesays.com\/fr\/139168\/"},"modified":"2025-05-30T12:04:15","modified_gmt":"2025-05-30T12:04:15","slug":"toulouse-nouvelle-date-de-fermeture-annoncee-pour-ce-magasin-du-centre-ville-a-la-liquidation-sans-fin","status":"publish","type":"post","link":"https:\/\/www.europesays.com\/fr\/139168\/","title":{"rendered":"Toulouse. Nouvelle date de fermeture annonc\u00e9e pour ce magasin du centre-ville, \u00e0 la liquidation sans fin"},"content":{"rendered":"<p>            Par<br \/>\n        <strong><br \/>\n            <a href=\"https:\/\/actu.fr\/auteur\/mareva-laville-actu-fr\" title=\"Consulter tous les articles de Mar\u00e9va Laville\" rel=\"nofollow noopener\" target=\"_blank\">Mar\u00e9va Laville<\/a><br \/>\n        <\/strong><\/p>\n<p>        Publi\u00e9 le<\/p>\n<p>            30 mai 2025 \u00e0 13h07        <\/p>\n<p>Il devait fermer l\u2019an dernier. Puis non, puis si\u2026 Puis non, \u00e0 nouveau\u2009? Le <strong>magasin de tissus Toto<\/strong> situ\u00e9 dans le centre-ville de <a href=\"http:\/\/www.actu.fr\/toulouse\" rel=\"nofollow noopener\" target=\"_blank\"><strong>Toulouse<\/strong> <\/a>continue sa saga \u00ab\u2009fermeture\u2009\u00bb. \u00c0 coups de d\u00e9stockage massif et promos carabin\u00e9es. Mais cette fois, l\u2019annonce est plus discr\u00e8te.<\/p>\n<p class=\" wall-content\">En magasin, seules quelques r\u00e9ductions affich\u00e9es en rayon s\u00e8ment la confusion. L\u2019\u00e9ch\u00e9ance indiqu\u00e9e\u2009? Samedi 31\u00a0mai 2025. La nouvelle date de fermeture rapport\u00e9e aux clients \u00e0 la caisse de Toto. Mais \u00e0 la veille du jour fatidique, le doute plane encore. En boutique, il est confirm\u00e9 \u00e0 Actu Toulouse que \u00ab\u2009non, Toto ne sera pas ferm\u00e9 samedi 31\u00a0mai 2025. On sera l\u00e0 lundi\u2009\u00bb. Le magasin vieux de 43\u00a0ans, qui ne cesse d\u2019\u00e9chapper \u00e0 la liquidation judiciaire, va-t-il vraiment finir par <a href=\"https:\/\/actu.fr\/occitanie\/toulouse_31555\/toulouse-incivilites-proprete-depart-d-enseignes-la-rue-saint-rome-est-elle-toujours-attractive_62700711.html\" rel=\"nofollow noopener\" target=\"_blank\">quitter la rue Saint-Rome<\/a>\u2009?<\/p>\n<p>    <img   decoding=\"async\" loading=\"lazy\" src=\"https:\/\/www.europesays.com\/fr\/wp-content\/uploads\/2025\/05\/toto-tissus-toulouse-la-2-960x640.jpg\" alt=\"De petites r\u00e9ductions \u00e0 -30 % sont affich\u00e9es en boutique, rue Saint-Rome.\" width=\"960\" height=\"640\"\/><br \/>\n    De petites r\u00e9ductions \u00e0 -30\u2009% sont affich\u00e9es en boutique, rue Saint-Rome. (\u00a9L\u00e9a Afonso \/ Actu Toulouse)Des fermetures sans cesse repouss\u00e9es<\/p>\n<p class=\" wall-content\">L\u2019affaire s\u2019apparente \u00e0 un v\u00e9ritable feuilleton. Compliqu\u00e9 \u00e0 vivre pour les salari\u00e9s qui avouent avoir le sentiment de \u00ab\u2009balader les clients depuis des mois\u2009\u00bb, confient-ils \u00e0 Actu Toulouse.<\/p>\n<p class=\" wall-content\">Apr\u00e8s une premi\u00e8re annonce de <a href=\"https:\/\/actu.fr\/occitanie\/toulouse_31555\/commerce-une-institution-de-toulouse-va-fermer-un-grand-destockage-debute_61070229.html\" rel=\"nofollow noopener\" target=\"_blank\">fermeture d\u00e9finitive pr\u00e9vue pour juillet\u00a02024<\/a>, Toto s\u2019\u00e9tait finalement vu accorder quelques semaines suppl\u00e9mentaires, <a href=\"https:\/\/actu.fr\/occitanie\/toulouse_31555\/toulouse-ce-commerce-historique-devait-fermer-il-a-finalement-un-sursis-avant-d-etre-rachete_61347623.html\" rel=\"nofollow noopener\" target=\"_blank\">gr\u00e2ce au report de l\u2019audience concernant la liquidation judiciaire.<\/a> L\u2019enseigne devait alors \u00eatre reprise par le fabricant de textile et de linge de lit Descamps. Mais en octobre dernier, alors que Toto s\u2019appr\u00eatait v\u00e9ritablement \u00e0 baisser son rideau, le groupe Descamps s\u2019est finalement r\u00e9tract\u00e9, laissant l\u2019opportunit\u00e9 \u00e0 l\u2019enseigne de survivre encore un peu. Mais pour combien de temps\u2009?<\/p>\n<p>La nouvelle date de fermeture d\u00e9finitive annonc\u00e9e<\/p>\n<p class=\" wall-content\">Contact\u00e9, l\u2019ex-dirigeant de Toto-Tissus, Laurent Cohen, affirme qu\u2019une fermeture \u00e9tait initialement pr\u00e9vue samedi 31\u00a0mai 2025 en raison d\u2019une <strong>liquidation judiciaire.<\/strong><\/p>\n<p>Vid\u00e9os : en ce moment sur Actu<\/p>\n<blockquote class=\"ac-article-quote wall-content\">\n<p>Mais nous avons \u00e9t\u00e9 autoris\u00e9s \u00e0 poursuivre l&rsquo;activit\u00e9 jusqu&rsquo;au 30 juin, ce qui, nous l&rsquo;esp\u00e9rons, ravira nos chers et fid\u00e8les clients qui nous sont si pr\u00e9cieux.<\/p>\n<p>    <strong>Laurent Cohen<\/strong><br \/>\n        ex-dirigeant de Toto Tissus     <\/p><\/blockquote>\n<p class=\" wall-content\">La nouvelle date de fermeture d\u00e9finitive est donc pr\u00e9vue au 30\u00a0juin 2025. \u00c0 surveiller de pr\u00e8s\u2026<\/p>\n<p>    <a href=\"https:\/\/www.google.com\/maps\/embed?pb=!1m18!1m12!1m3!1d3807.108571856851!2d1.4404275125374773!3d43.602603870984034!2m3!1f0!2f0!3f0!3m2!1i1024!2i768!4f13.1!3m3!1m2!1s0x12aebb6277f6d2d9%3A0x1683dd88f911a68c!2sToto%20Tissus%20Toulouse!5e1!3m2!1sfr!2sfr!4v1748602026412!5m2!1sfr!2sfr\" title=\"Ouvrie le lien\" rel=\"nofollow noopener\" target=\"_blank\">Cliquez ici pour visualiser le contenu<\/a><\/p>\n<p class=\" wall-content\">Suivez toute l\u2019actualit\u00e9 de vos villes et m\u00e9dias favoris en vous inscrivant \u00e0 <a href=\"https:\/\/moncompte.actu.fr\" title=\"D\u00e9couvez Mon Actu\" rel=\"nofollow noopener\" data-trk=\"{&quot;cta&quot;:{&quot;action&quot;:&quot;https:\\\/\\\/moncompte.actu.fr&quot;,&quot;category&quot;:&quot;mon compte&quot;,&quot;from&quot;:&quot;article footer&quot;,&quot;name&quot;:&quot;Mon actu&quot;,&quot;type&quot;:&quot;cta&quot;}}\" target=\"_blank\">Mon Actu<\/a>.<\/p>\n","protected":false},"excerpt":{"rendered":"Par Mar\u00e9va Laville Publi\u00e9 le 30 mai 2025 \u00e0 13h07 Il devait fermer l\u2019an dernier. Puis non, puis&hellip;\n","protected":false},"author":2,"featured_media":139169,"comment_status":"","ping_status":"","sticky":false,"template":"","format":"standard","meta":{"footnotes":""},"categories":[2816],"tags":[1111,11,215,33,1777,674,1011,27,303,12,2680,25,2312,216],"class_list":{"0":"post-139168","1":"post","2":"type-post","3":"status-publish","4":"format-standard","5":"has-post-thumbnail","7":"category-toulouse","8":"tag-actu","9":"tag-actualites","10":"tag-commerce","11":"tag-economie","12":"tag-eu","13":"tag-europe","14":"tag-fr","15":"tag-france","16":"tag-justice","17":"tag-news","18":"tag-occitanie","19":"tag-republique-francaise","20":"tag-toulouse","21":"tag-vie-des-entreprises"},"share_on_mastodon":{"url":"https:\/\/pubeurope.com\/@fr\/114596692953014300","error":""},"_links":{"self":[{"href":"https:\/\/www.europesays.com\/fr\/wp-json\/wp\/v2\/posts\/139168","targetHints":{"allow":["GET"]}}],"collection":[{"href":"https:\/\/www.europesays.com\/fr\/wp-json\/wp\/v2\/posts"}],"about":[{"href":"https:\/\/www.europesays.com\/fr\/wp-json\/wp\/v2\/types\/post"}],"author":[{"embeddable":true,"href":"https:\/\/www.europesays.com\/fr\/wp-json\/wp\/v2\/users\/2"}],"replies":[{"embeddable":true,"href":"https:\/\/www.europesays.com\/fr\/wp-json\/wp\/v2\/comments?post=139168"}],"version-history":[{"count":0,"href":"https:\/\/www.europesays.com\/fr\/wp-json\/wp\/v2\/posts\/139168\/revisions"}],"wp:featuredmedia":[{"embeddable":true,"href":"https:\/\/www.europesays.com\/fr\/wp-json\/wp\/v2\/media\/139169"}],"wp:attachment":[{"href":"https:\/\/www.europesays.com\/fr\/wp-json\/wp\/v2\/media?parent=139168"}],"wp:term":[{"taxonomy":"category","embeddable":true,"href":"https:\/\/www.europesays.com\/fr\/wp-json\/wp\/v2\/categories?post=139168"},{"taxonomy":"post_tag","embeddable":true,"href":"https:\/\/www.europesays.com\/fr\/wp-json\/wp\/v2\/tags?post=139168"}],"curies":[{"name":"wp","href":"https:\/\/api.w.org\/{rel}","templated":true}]}}