{"id":139170,"date":"2025-05-30T12:05:08","date_gmt":"2025-05-30T12:05:08","guid":{"rendered":"https:\/\/www.europesays.com\/fr\/139170\/"},"modified":"2025-05-30T12:05:08","modified_gmt":"2025-05-30T12:05:08","slug":"revivez-les-meilleurs-moments-des-films-marvel-dans-ce-cine-concert-inedit","status":"publish","type":"post","link":"https:\/\/www.europesays.com\/fr\/139170\/","title":{"rendered":"revivez les meilleurs moments des films Marvel dans ce cin\u00e9-concert in\u00e9dit"},"content":{"rendered":"<p>            Par<br \/>\n        <strong><br \/>\n            <a href=\"https:\/\/actu.fr\/auteur\/amandine-vachez\" title=\"Consulter tous les articles de Amandine Vachez\" target=\"_blank\" rel=\"noopener\">Amandine Vachez<\/a><br \/>\n        <\/strong><\/p>\n<p>        Publi\u00e9 le<\/p>\n<p>            30 mai 2025 \u00e0 12h00        <\/p>\n<p>Revivez les<b> moments phares des films Marvel<\/b>, dans une configuration in\u00e9dite\u2009! Le<b> cin\u00e9-concert \u00ab\u2009Marvel Infinity Saga\u2009\u00bb<\/b> d\u00e9barque \u00e0 <a href=\"https:\/\/actu.fr\/hauts-de-france\/lille_59350\" target=\"_blank\" rel=\"noopener\">Lille<\/a> (Nord)<b> <\/b>en <b>2026<\/b>, dans le cadre d\u2019une tourn\u00e9e nationale. L\u2019occasion de se replonger dans l\u2019univers Marvel, avec l\u2019intensit\u00e9 in\u00e9gal\u00e9e qu\u2019offre la pr\u00e9sence d\u2019un <b>orchestre<\/b> dans la salle.<\/p>\n<p>Une grande tourn\u00e9e nationale d\u00e8s f\u00e9vrier<\/p>\n<p class=\" wall-content\">C\u2019est le succ\u00e8s de ses deux repr\u00e9sentations \u00e0 Paris qui a ouvert la possibilit\u00e9 d\u2019une tourn\u00e9e nationale \u00e0 ce cin\u00e9-concert. Apr\u00e8s un passage au festival de N\u00eemes en juin\u00a02025, une tourn\u00e9e nationale s\u2019entamera au travers des grandes villes de France d\u00e9but 2026. La premi\u00e8re hors r\u00e9gion parisienne est pr\u00e9vue <b>\u00e0 Lille, le 1er mars, au Z\u00e9nith\u2009!<\/b><\/p>\n<p>Les moments iconiques des 23 films avec la musique en live<\/p>\n<p class=\" wall-content\">\u00ab\u2009Cette production in\u00e9dite propose une exp\u00e9rience immersive au c\u0153ur de l\u2019univers cin\u00e9matographique Marvel, avec les <b>moments iconiques des 23 films de la saga<\/b>, projet\u00e9s sur \u00e9cran g\u00e9ant et <b>sublim\u00e9s en live par un orchestre symphonique.<\/b> Une formule qui attire un public toujours plus large, m\u00ealant cin\u00e9philes passionn\u00e9s et amateurs de spectacles\u2009\u00bb, tease la production.<\/p>\n<p class=\" wall-content\">\n<p class=\" wall-content\">Assur\u00e9ment un rendez-vous \u00e0 ne pas manquer\u2009! Pour en savoir plus et prendre vos places (elles sont d\u00e9j\u00e0 en vente), c\u2019est <a href=\"https:\/\/www.disney.fr\/marvel-studios-infinity-saga-concert-experience\" target=\"_blank\" rel=\"noopener\">par ici.<\/a> Comptez de 45 \u00e0 86\u00a0euros, en fonction de l\u2019emplacement choisi.<\/p>\n<p class=\" wall-content\">Suivez toute l\u2019actualit\u00e9 de vos villes et m\u00e9dias favoris en vous inscrivant \u00e0 <a href=\"https:\/\/moncompte.actu.fr\" title=\"D\u00e9couvez Mon Actu\" rel=\"nofollow noopener\" data-trk=\"{&quot;cta&quot;:{&quot;action&quot;:&quot;https:\\\/\\\/moncompte.actu.fr&quot;,&quot;category&quot;:&quot;mon compte&quot;,&quot;from&quot;:&quot;article footer&quot;,&quot;name&quot;:&quot;Mon actu&quot;,&quot;type&quot;:&quot;cta&quot;}}\" target=\"_blank\">Mon Actu<\/a>.<\/p>\n","protected":false},"excerpt":{"rendered":"Par Amandine Vachez Publi\u00e9 le 30 mai 2025 \u00e0 12h00 Revivez les moments phares des films Marvel, dans&hellip;\n","protected":false},"author":2,"featured_media":139171,"comment_status":"","ping_status":"","sticky":false,"template":"","format":"standard","meta":{"footnotes":""},"categories":[2815],"tags":[1111,11,650,1697,1777,674,1011,27,811,1307,1652,12,25,7268],"class_list":{"0":"post-139170","1":"post","2":"type-post","3":"status-publish","4":"format-standard","5":"has-post-thumbnail","7":"category-lille","8":"tag-actu","9":"tag-actualites","10":"tag-cinema","11":"tag-concert","12":"tag-eu","13":"tag-europe","14":"tag-fr","15":"tag-france","16":"tag-hauts-de-france","17":"tag-lille","18":"tag-loisirs-culture","19":"tag-news","20":"tag-republique-francaise","21":"tag-zenith-de-lille"},"share_on_mastodon":{"url":"https:\/\/pubeurope.com\/@fr\/114596696866078967","error":""},"_links":{"self":[{"href":"https:\/\/www.europesays.com\/fr\/wp-json\/wp\/v2\/posts\/139170","targetHints":{"allow":["GET"]}}],"collection":[{"href":"https:\/\/www.europesays.com\/fr\/wp-json\/wp\/v2\/posts"}],"about":[{"href":"https:\/\/www.europesays.com\/fr\/wp-json\/wp\/v2\/types\/post"}],"author":[{"embeddable":true,"href":"https:\/\/www.europesays.com\/fr\/wp-json\/wp\/v2\/users\/2"}],"replies":[{"embeddable":true,"href":"https:\/\/www.europesays.com\/fr\/wp-json\/wp\/v2\/comments?post=139170"}],"version-history":[{"count":0,"href":"https:\/\/www.europesays.com\/fr\/wp-json\/wp\/v2\/posts\/139170\/revisions"}],"wp:featuredmedia":[{"embeddable":true,"href":"https:\/\/www.europesays.com\/fr\/wp-json\/wp\/v2\/media\/139171"}],"wp:attachment":[{"href":"https:\/\/www.europesays.com\/fr\/wp-json\/wp\/v2\/media?parent=139170"}],"wp:term":[{"taxonomy":"category","embeddable":true,"href":"https:\/\/www.europesays.com\/fr\/wp-json\/wp\/v2\/categories?post=139170"},{"taxonomy":"post_tag","embeddable":true,"href":"https:\/\/www.europesays.com\/fr\/wp-json\/wp\/v2\/tags?post=139170"}],"curies":[{"name":"wp","href":"https:\/\/api.w.org\/{rel}","templated":true}]}}