{"id":139174,"date":"2025-05-30T12:07:11","date_gmt":"2025-05-30T12:07:11","guid":{"rendered":"https:\/\/www.europesays.com\/fr\/139174\/"},"modified":"2025-05-30T12:07:11","modified_gmt":"2025-05-30T12:07:11","slug":"loeuvre-du-phare-avec-une-phrase-en-anglais-qui-agite-les-reseaux-sociaux","status":"publish","type":"post","link":"https:\/\/www.europesays.com\/fr\/139174\/","title":{"rendered":"l&rsquo;\u0153uvre du phare avec une phrase en anglais qui agite les r\u00e9seaux sociaux"},"content":{"rendered":"<p>Ce sont deux images, relay\u00e9es dans un m\u00eame post Instagram par le compte officiel de <a href=\"https:\/\/www.laprovence.com\/article\/region\/6054670401616215\/banksy-le-roi-des-street-artists-en-novembre-a-valreas\" target=\"_blank\" rel=\"noopener\">Banksy<\/a>, qui agitent les r\u00e9seaux sociaux : un phare sur un mur avec une phrase en anglais \u00ab\u00a0I want to be what you saw in me\u00a0\u00bb (\u00ab\u00a0je veux \u00eatre ce que tu as vu en moi\u00a0\u00bb). Pas de l\u00e9gende. Et la place au myst\u00e8re.<\/p>\n<p>Sauf que ce myst\u00e8re n&rsquo;a pas tenu tr\u00e8s longtemps. Cette nouvelle oeuvre de l&rsquo;artiste urbain mondialement connu qui travaille sous pseudonyme a \u00e9t\u00e9 r\u00e9alis\u00e9e sur <a href=\"https:\/\/www.laprovence.com\/region\/Edition-marseille\" target=\"_blank\" rel=\"noopener\">l&rsquo;un des murs de Marseille<\/a>. \u00ab\u00a0Marseille x Banksy\u00a0\u00bb a \u00e9crit le maire de la cit\u00e9 phoc\u00e9enne Beno\u00eet Payan, accolant un \u00e9moji de flamme \u00e0 son message.<\/p>\n<p>Ce phare au pochoir, situ\u00e9 rue F\u00e9lix-Fregier dans le secteur des Catalans (7e arrondissement), est un prolongement de l&rsquo;ombre d&rsquo;une borne urbaine plac\u00e9e sur le trottoir devant le mur en question.\u00a0<\/p>\n","protected":false},"excerpt":{"rendered":"Ce sont deux images, relay\u00e9es dans un m\u00eame post Instagram par le compte officiel de Banksy, qui agitent&hellip;\n","protected":false},"author":2,"featured_media":139175,"comment_status":"","ping_status":"","sticky":false,"template":"","format":"standard","meta":{"footnotes":""},"categories":[2814],"tags":[17,1111,11,3396,7190,1777,674,1011,27,26574,884,12,4565,15585,882,16,25,96],"class_list":{"0":"post-139174","1":"post","2":"type-post","3":"status-publish","4":"format-standard","5":"has-post-thumbnail","7":"category-marseille","8":"tag-17","9":"tag-actu","10":"tag-actualites","11":"tag-avec","12":"tag-banksy","13":"tag-eu","14":"tag-europe","15":"tag-fr","16":"tag-france","17":"tag-loeuvre","18":"tag-marseille","19":"tag-news","20":"tag-nouveau","21":"tag-phare","22":"tag-provence-alpes-cote-dazur","23":"tag-region","24":"tag-republique-francaise","25":"tag-une"},"share_on_mastodon":{"url":"https:\/\/pubeurope.com\/@fr\/114596704682860802","error":""},"_links":{"self":[{"href":"https:\/\/www.europesays.com\/fr\/wp-json\/wp\/v2\/posts\/139174","targetHints":{"allow":["GET"]}}],"collection":[{"href":"https:\/\/www.europesays.com\/fr\/wp-json\/wp\/v2\/posts"}],"about":[{"href":"https:\/\/www.europesays.com\/fr\/wp-json\/wp\/v2\/types\/post"}],"author":[{"embeddable":true,"href":"https:\/\/www.europesays.com\/fr\/wp-json\/wp\/v2\/users\/2"}],"replies":[{"embeddable":true,"href":"https:\/\/www.europesays.com\/fr\/wp-json\/wp\/v2\/comments?post=139174"}],"version-history":[{"count":0,"href":"https:\/\/www.europesays.com\/fr\/wp-json\/wp\/v2\/posts\/139174\/revisions"}],"wp:featuredmedia":[{"embeddable":true,"href":"https:\/\/www.europesays.com\/fr\/wp-json\/wp\/v2\/media\/139175"}],"wp:attachment":[{"href":"https:\/\/www.europesays.com\/fr\/wp-json\/wp\/v2\/media?parent=139174"}],"wp:term":[{"taxonomy":"category","embeddable":true,"href":"https:\/\/www.europesays.com\/fr\/wp-json\/wp\/v2\/categories?post=139174"},{"taxonomy":"post_tag","embeddable":true,"href":"https:\/\/www.europesays.com\/fr\/wp-json\/wp\/v2\/tags?post=139174"}],"curies":[{"name":"wp","href":"https:\/\/api.w.org\/{rel}","templated":true}]}}