{"id":139176,"date":"2025-05-30T12:08:20","date_gmt":"2025-05-30T12:08:20","guid":{"rendered":"https:\/\/www.europesays.com\/fr\/139176\/"},"modified":"2025-05-30T12:08:20","modified_gmt":"2025-05-30T12:08:20","slug":"agenda-culturel-aix-marseille-sorties-incontournables-en-juin","status":"publish","type":"post","link":"https:\/\/www.europesays.com\/fr\/139176\/","title":{"rendered":"Agenda culturel Aix-Marseille : sorties incontournables en juin"},"content":{"rendered":"<p><img loading=\"lazy\" decoding=\"async\" alt=\"\u00a9 D. Hartwig - Avec Dive into you, la chor\u00e9graphe, performeuse et chanteuse Kat V\u00e0lastur livre un solo captivant \u00e0 d\u00e9couvrir les 21 et 22 juin au Klap, Maison pour la danse.\" data-zoom-src=\"https:\/\/www.europesays.com\/fr\/wp-content\/uploads\/2025\/05\/initial-marseille-diveintoyou8-katvalastur-c-dieterhartwig.jpg\" data-zoomable=\"\" height=\"702\" src=\"https:\/\/www.europesays.com\/fr\/wp-content\/uploads\/2025\/05\/initial-marseille-diveintoyou8-katvalastur-c-dieterhartwig.jpg\" width=\"1248\"\/>  <\/p>\n<p class=\"article-desc\">\u00a9 D. Hartwig &#8211; Avec Dive into you, la chor\u00e9graphe, performeuse et chanteuse Kat V\u00e0lastur livre un solo captivant \u00e0 d\u00e9couvrir les 21 et 22 juin au Klap, Maison pour la danse. <\/p>\n<p><strong>L\u2019\u00e9t\u00e9<\/strong> est enfin l\u00e0 avec son lot de <strong>concerts et activit\u00e9s en plein air<\/strong>\u2026 ou pas ! Avec ce mois-ci, un joli focus sur la <strong>danse contemporaine<\/strong> via le <strong>Festival de Marseille<\/strong>, l\u2019un des plus grands rendez-vous international du genre. <\/p>\n<p>Musique fran\u00e7aise \u2013 Polnareff. D\u00f4me, Marseille 4e. <\/p>\n<p>L\u00e9gende vivante de la chanson fran\u00e7aise, <strong>Michel Polnareff<\/strong> reprend la route en 2025 pour une <strong>tourn\u00e9e <\/strong>qu\u2019il annonce comme \u00ab\u00a0la derni\u00e8re\u00a0\u00bb\u00a0! L\u2019occasion de r\u00e9entendre <strong>ses plus grands succ\u00e8s <\/strong>mais aussi de d\u00e9couvrir son dernier album \u00ab\u00a0Un temps pour elles\u00a0\u00bb. En tourn\u00e9e \u00e9galement le 11 juillet \u00e0 N\u00eemes et le 12 juillet \u00e0 Toulon. <\/p>\n<p>Le 4 juin. Programmation compl\u00e8te sur <a class=\"invalid-link\" href=\"http:\/\/www.adamconcerts.com\" target=\"_blank\" rel=\"noopener\">www.adamconcerts.com<\/a> <\/p>\n<p> Environnement \u2013 La Nuit des for\u00eats. R\u00e9gion Paca. <img decoding=\"async\" alt=\"\" class=\"img-size-limited\" data-zoomable=\"\" loading=\"lazy\" src=\"https:\/\/www.europesays.com\/fr\/wp-content\/uploads\/2025\/05\/massif-des-maures-var.jpg\"\/> <strong>\u00a9<\/strong> Shutterstock &#8211; Le domaine de Tamary, situ\u00e9 \u00e0 La Londe des Maures dans le Var, vous donne rendez-vous le 11 juin pour sa Nuit des for\u00eats. <\/p>\n<p>La <strong>r\u00e9gion Provence-Alpes-C\u00f4te d\u2019Azur<\/strong> est la 2e en France par son <strong>taux de boisement<\/strong>. <\/p>\n<p>Pour<strong> La Nuit des for\u00eats<\/strong>, pas moins de 25 de nos bois sont concern\u00e9s par diff\u00e9rentes animations\u00a0: \u00e9changes philosophiques, performances artistiques, bains sonores, ateliers divers, observation des \u00e9toiles\u2026 il y a forc\u00e9ment une for\u00eat pr\u00e8s de chez vous pour participer \u00e0 ce joli moment \u00e0 la fois <strong>\u00e9cologique et po\u00e9tique<\/strong>. <\/p>\n<p>Du 6 au 22 juin. Programme complet sur <a href=\"https:\/\/nuitsdesforets.com\" target=\"_blank\" rel=\"noopener\">https:\/\/nuitsdesforets.com<\/a> <\/p>\n<p>Cin\u00e9-concert \u2013 Louis de Fun\u00e8s. Cepac Silo, Marseille 2e. <img decoding=\"async\" alt=\"\" class=\"img-size-limited\" data-zoomable=\"\" height=\"2505\" loading=\"lazy\" src=\"https:\/\/www.europesays.com\/fr\/wp-content\/uploads\/2025\/05\/keyart-louis-de-funes-marseille.jpg\" width=\"1778\"\/> <strong>\u00a9<\/strong> Keyart &#8211; Louis de Fun\u00e8s est mis \u00e0 l\u2019honneur d\u2019un cin\u00e9-concert pour la premi\u00e8re fois, fruit de plus d\u2019un an et demi de travail. <\/p>\n<p>Pour la premi\u00e8re fois, avec l\u2019accord de la famille <strong>de Fun\u00e8s<\/strong>, un cin\u00e9-concert rend hommage \u00e0 l\u2019un de nos plus grands <strong>acteurs comiques fran\u00e7ais<\/strong>. Pas moins de 25 de ses films seront \u00e9voqu\u00e9s au cours de cette <strong>soir\u00e9e musicale et cin\u00e9matographique<\/strong>, un <strong>orchestre symphonique<\/strong> jouant en live les <strong>musiques de L\u2019Aile ou la Cuisse<\/strong>, <strong>La Folie des grandeurs<\/strong>, <strong>Rabbi Jacob<\/strong>, <strong>Fantomas<\/strong>, <strong>Le Corniaud<\/strong>\u2026 une jolie soir\u00e9e familiale en perspective\u00a0! <\/p>\n<p>Le 10 juin. Programmation compl\u00e8te sur <a class=\"invalid-link\" href=\"http:\/\/www.cepacsilo-marseille.fr\" target=\"_blank\" rel=\"noopener\">www.cepacsilo-marseille.fr<\/a><\/p>\n<p> Danse \u2013 Angelin Preljocaj. Th\u00e9\u00e2tre La Cri\u00e9e, Marseille 7e. <img decoding=\"async\" alt=\"\" class=\"img-size-full\" data-zoomable=\"\" height=\"994\" loading=\"lazy\" src=\"https:\/\/www.europesays.com\/fr\/wp-content\/uploads\/2025\/05\/helikopter-preljocaj-marseille-c-jc-carbonne.jpg\" width=\"2000\"\/> <strong>\u00a9<\/strong> JC Carbonne &#8211; Pour cr\u00e9er Helikopter, Angelin Preljocaj s\u2019est inspir\u00e9 d\u2019une \u0153uvre musicale du musicien allemand contemporain Stockhausen. <\/p>\n<p>Le m\u00eame soir, le chor\u00e9graphe aixois Angelin Preljocaj reprend Helikopter, cr\u00e9\u00e9e en 2001 et pr\u00e9sente une cr\u00e9ation \u00ab\u00a0surprise\u00a0\u00bb. Helikopter est une pi\u00e8ce pour six \u00ab\u00a0danseurs-h\u00e9lices\u00a0\u00bb, inspir\u00e9e par l\u2019<strong>\u0153uvre musicale<\/strong> de Stockhausen. <\/p>\n<p>Le compositeur allemand a \u00e9crit une partition pour quatre <strong>musiciens <\/strong>et\u2026 quatre h\u00e9licopt\u00e8res en 1995. Cette \u0153uvre a inspir\u00e9 un<strong> ballet<\/strong> \u00e0 Preljocaj, o\u00f9 les vid\u00e9os apportent une dimension suppl\u00e9mentaire \u00e0 cette <strong>chor\u00e9graphie <\/strong>radicale et vrombissante. <\/p>\n<p>Du 11 au 14 juin. Plus d\u2019infos sur le site de la compagnie <a href=\"https:\/\/preljocaj.org\" target=\"_blank\" rel=\"noopener\">https:\/\/preljocaj.org<\/a> <\/p>\n<p>Danse \u2013 Festival de Marseille. Divers lieux, Marseille. <img decoding=\"async\" alt=\"\" class=\"img-align-center\" data-zoomable=\"\" height=\"1333\" loading=\"lazy\" src=\"https:\/\/www.europesays.com\/fr\/wp-content\/uploads\/2025\/05\/fdm2025-encantado14-liarodrigues-c-sammilandweer.jpg\" width=\"2000\"\/> <strong>\u00a9<\/strong> S. Landweer &#8211; D\u00e9couvrez Encantado, un spectacle-rituel f\u00e9erique et jouissif de la chor\u00e9graphe br\u00e9silienne Lia Rodrigues, au Th\u00e9\u00e2tre Joliette \u00e0 Marseille les 5 et 6 juillet durant le Festival de Marseille. <\/p>\n<p>Pour sa 30e \u00e9dition, ce <strong>festival<\/strong> d\u00e9di\u00e9 \u00e0 la <strong>danse contemporaine<\/strong> offrira 5 cr\u00e9ations, 8 premi\u00e8res en France et 36 <strong>propositions artistiques<\/strong>, sans oublier 4 films, 1 exposition, 4 conf\u00e9rences et 2 DJ sets. Le <strong>Festival de Marseille <\/strong>s\u2019invite dans 18 lieux marseillais, au tarif unique de 10 \u20ac. <\/p>\n<p>Du 12 juin au 6 juillet. Programmation compl\u00e8te sur <a class=\"invalid-link\" href=\"http:\/\/www.festivaldemarseille.com\" target=\"_blank\" rel=\"noopener\">www.festivaldemarseille.com<\/a> <\/p>\n<p> Musique &#8211; Festival de N\u00eemes. Ar\u00e8nes, N\u00eemes. <\/p>\n<p>Poids lourd de nos <strong>festivals du Sud<\/strong>, le <strong>Festival de N\u00eemes<\/strong> programme au mois de juin les <strong>artistes<\/strong> suivants\u00a0: Roberto Alagna et Aleksandra Kurzak (22\/06), Seven Hours after violet et Korn (24\/06), Tori Kelly et Mika (26\/07), Marvel infinity saga (27\/06) et London Grammar (29\/06). <\/p>\n<p>Du 22 juin au 24 juillet. Programmation compl\u00e8te sur <a class=\"invalid-link\" href=\"http:\/\/www.festivaldenimes.com\" target=\"_blank\" rel=\"noopener\">www.festivaldenimes.com<\/a><\/p>\n","protected":false},"excerpt":{"rendered":"\u00a9 D. Hartwig &#8211; Avec Dive into you, la chor\u00e9graphe, performeuse et chanteuse Kat V\u00e0lastur livre un solo&hellip;\n","protected":false},"author":2,"featured_media":139177,"comment_status":"","ping_status":"","sticky":false,"template":"","format":"standard","meta":{"footnotes":""},"categories":[2814],"tags":[1111,11,4763,1777,674,3337,1011,27,884,873,12,882,25],"class_list":{"0":"post-139176","1":"post","2":"type-post","3":"status-publish","4":"format-standard","5":"has-post-thumbnail","7":"category-marseille","8":"tag-actu","9":"tag-actualites","10":"tag-agenda","11":"tag-eu","12":"tag-europe","13":"tag-festivals","14":"tag-fr","15":"tag-france","16":"tag-marseille","17":"tag-musique","18":"tag-news","19":"tag-provence-alpes-cote-dazur","20":"tag-republique-francaise"},"share_on_mastodon":{"url":"https:\/\/pubeurope.com\/@fr\/114596708640478399","error":""},"_links":{"self":[{"href":"https:\/\/www.europesays.com\/fr\/wp-json\/wp\/v2\/posts\/139176","targetHints":{"allow":["GET"]}}],"collection":[{"href":"https:\/\/www.europesays.com\/fr\/wp-json\/wp\/v2\/posts"}],"about":[{"href":"https:\/\/www.europesays.com\/fr\/wp-json\/wp\/v2\/types\/post"}],"author":[{"embeddable":true,"href":"https:\/\/www.europesays.com\/fr\/wp-json\/wp\/v2\/users\/2"}],"replies":[{"embeddable":true,"href":"https:\/\/www.europesays.com\/fr\/wp-json\/wp\/v2\/comments?post=139176"}],"version-history":[{"count":0,"href":"https:\/\/www.europesays.com\/fr\/wp-json\/wp\/v2\/posts\/139176\/revisions"}],"wp:featuredmedia":[{"embeddable":true,"href":"https:\/\/www.europesays.com\/fr\/wp-json\/wp\/v2\/media\/139177"}],"wp:attachment":[{"href":"https:\/\/www.europesays.com\/fr\/wp-json\/wp\/v2\/media?parent=139176"}],"wp:term":[{"taxonomy":"category","embeddable":true,"href":"https:\/\/www.europesays.com\/fr\/wp-json\/wp\/v2\/categories?post=139176"},{"taxonomy":"post_tag","embeddable":true,"href":"https:\/\/www.europesays.com\/fr\/wp-json\/wp\/v2\/tags?post=139176"}],"curies":[{"name":"wp","href":"https:\/\/api.w.org\/{rel}","templated":true}]}}