{"id":139178,"date":"2025-05-30T12:09:09","date_gmt":"2025-05-30T12:09:09","guid":{"rendered":"https:\/\/www.europesays.com\/fr\/139178\/"},"modified":"2025-05-30T12:09:09","modified_gmt":"2025-05-30T12:09:09","slug":"une-grand-mere-disparait-pres-de-lyon-les-gendarmes-la-retrouvent-en-train-de-boire-le-the-chez-sa-voisine","status":"publish","type":"post","link":"https:\/\/www.europesays.com\/fr\/139178\/","title":{"rendered":"Une grand-m\u00e8re dispara\u00eet pr\u00e8s de Lyon, les gendarmes la retrouvent en train de boire le th\u00e9 chez sa voisine"},"content":{"rendered":"<p>Une grand-m\u00e8re dispara\u00eet pr\u00e8s de Lyon, les gendarmes la retrouvent en train de boire le th\u00e9 chez sa voisine &#8211; LyonMag<\/p>\n<p itemprop=\"description\"><strong>C&rsquo;est un d\u00e9nouement heureux pour cette nonag\u00e9naire et sa famille.<\/strong><\/p>\n<p>Et bien qu&rsquo;ils aient \u00e9t\u00e9 mobilis\u00e9s pour rien, les gendarmes rhodaniens pr\u00e9f\u00e8rent \u00e9videmment ce genre de situations \u00e0 celles, parfois macabres, de disparitions de personnes \u00e2g\u00e9es.<\/p>\n<p>Ce jeudi apr\u00e8s-midi, une famille d\u00e9jeunait chez la grand-m\u00e8re \u00e0 Saint-Genis-Laval. Mais certains proches se sont rendus compte que leur h\u00f4te avait subitement disparu.<\/p>\n<p>Apr\u00e8s avoir \u00e9cum\u00e9 le quartier, ils ont sollicit\u00e9 l&rsquo;aide des forces de l&rsquo;ordre pour tenter de retrouver la vieille dame souffrant de troubles cognitifs.<\/p>\n<p>Plusieurs heures ont pass\u00e9, sans la moindre trace de la personne disparue.<\/p>\n<p>C&rsquo;est finalement l&rsquo;arriv\u00e9e d&rsquo;un chien sp\u00e9cialis\u00e9 qui a permis, en d\u00e9but de soir\u00e9e, de remonter la piste de la mamie jusqu&rsquo;\u00e0 la maison d&rsquo;une voisine.<\/p>\n<p>Lorsque les gendarmes ont toqu\u00e9 \u00e0 la porte, ils se sont rendus compte que les deux amies prenaient tranquillement le th\u00e9, \u00e0 1000 lieues d&rsquo;imaginer que tout le monde s&rsquo;inqui\u00e9tait depuis des heures !<\/p>\n","protected":false},"excerpt":{"rendered":"Une grand-m\u00e8re dispara\u00eet pr\u00e8s de Lyon, les gendarmes la retrouvent en train de boire le th\u00e9 chez sa&hellip;\n","protected":false},"author":2,"featured_media":139179,"comment_status":"","ping_status":"","sticky":false,"template":"","format":"standard","meta":{"footnotes":""},"categories":[1889],"tags":[1111,11,2813,2190,2430,1109,251,1112,2811,1777,674,118,1011,27,1922,1110,1114,2428,2810,12,241,316,25,2812,517,800],"class_list":{"0":"post-139178","1":"post","2":"type-post","3":"status-publish","4":"format-standard","5":"has-post-thumbnail","7":"category-lyon","8":"tag-actu","9":"tag-actualites","10":"tag-article","11":"tag-asvel","12":"tag-auvergne-rhone-alpes","13":"tag-breves","14":"tag-culture","15":"tag-depeches","16":"tag-economique","17":"tag-eu","18":"tag-europe","19":"tag-faits-divers","20":"tag-fr","21":"tag-france","22":"tag-info","23":"tag-informations","24":"tag-infos","25":"tag-lyon","26":"tag-lyonmag","27":"tag-news","28":"tag-ol","29":"tag-politique","30":"tag-republique-francaise","31":"tag-sociale","32":"tag-sport","33":"tag-transports"},"share_on_mastodon":{"url":"https:\/\/pubeurope.com\/@fr\/114596712719892647","error":""},"_links":{"self":[{"href":"https:\/\/www.europesays.com\/fr\/wp-json\/wp\/v2\/posts\/139178","targetHints":{"allow":["GET"]}}],"collection":[{"href":"https:\/\/www.europesays.com\/fr\/wp-json\/wp\/v2\/posts"}],"about":[{"href":"https:\/\/www.europesays.com\/fr\/wp-json\/wp\/v2\/types\/post"}],"author":[{"embeddable":true,"href":"https:\/\/www.europesays.com\/fr\/wp-json\/wp\/v2\/users\/2"}],"replies":[{"embeddable":true,"href":"https:\/\/www.europesays.com\/fr\/wp-json\/wp\/v2\/comments?post=139178"}],"version-history":[{"count":0,"href":"https:\/\/www.europesays.com\/fr\/wp-json\/wp\/v2\/posts\/139178\/revisions"}],"wp:featuredmedia":[{"embeddable":true,"href":"https:\/\/www.europesays.com\/fr\/wp-json\/wp\/v2\/media\/139179"}],"wp:attachment":[{"href":"https:\/\/www.europesays.com\/fr\/wp-json\/wp\/v2\/media?parent=139178"}],"wp:term":[{"taxonomy":"category","embeddable":true,"href":"https:\/\/www.europesays.com\/fr\/wp-json\/wp\/v2\/categories?post=139178"},{"taxonomy":"post_tag","embeddable":true,"href":"https:\/\/www.europesays.com\/fr\/wp-json\/wp\/v2\/tags?post=139178"}],"curies":[{"name":"wp","href":"https:\/\/api.w.org\/{rel}","templated":true}]}}