{"id":139184,"date":"2025-05-30T12:13:08","date_gmt":"2025-05-30T12:13:08","guid":{"rendered":"https:\/\/www.europesays.com\/fr\/139184\/"},"modified":"2025-05-30T12:13:08","modified_gmt":"2025-05-30T12:13:08","slug":"sil-est-elu-maire-de-paris-david-belliard-proposera-une-consultation-citoyenne","status":"publish","type":"post","link":"https:\/\/www.europesays.com\/fr\/139184\/","title":{"rendered":"s&rsquo;il est \u00e9lu maire de Paris, David Belliard proposera une \u00ab\u00a0consultation citoyenne\u00a0\u00bb"},"content":{"rendered":"<p>            Par<br \/>\n        <strong><br \/>\n            <a href=\"https:\/\/actu.fr\/auteur\/sarah-coulet\" title=\"Consulter tous les articles de Sarah Coulet\" rel=\"nofollow noopener\" target=\"_blank\">Sarah Coulet<\/a><br \/>\n        <\/strong><\/p>\n<p>        Publi\u00e9 le<\/p>\n<p>            30 mai 2025 \u00e0 13h41        <\/p>\n<p>C\u2019est un dossier sur lequel s\u2019opposent la <a href=\"https:\/\/actu.fr\/tag\/mairie-de-paris\" rel=\"nofollow noopener\" target=\"_blank\">Mairie de Paris<\/a> et les propri\u00e9taires du <a href=\"https:\/\/actu.fr\/tag\/paris-saint-germain-psg\" rel=\"nofollow noopener\" target=\"_blank\">PSG<\/a> depuis trois ans\u2009: le rachat du <a href=\"https:\/\/actu.fr\/tag\/parc-des-princes\" rel=\"nofollow noopener\" target=\"_blank\">Parc des Princes<\/a>. Car pour <strong>Nasser al-Khela\u00effi<\/strong>, l\u2019enceinte n\u2019est pas assez grande. Le pr\u00e9sident du PSG souhaiterait donc acqu\u00e9rir le stade pour pouvoir l\u2019agrandir. Une proposition qu\u2019Anne Hidalgo a <a href=\"https:\/\/actu.fr\/ile-de-france\/paris_75056\/le-parc-des-princes-n-est-pas-a-vendre-anne-hidalgo-ne-laisse-aucun-espoir-aux-demandes-de-rachat-du-psg_62123931.html\" rel=\"nofollow noopener\" target=\"_blank\">toujours refus\u00e9e<\/a>. Invit\u00e9 de\u00a0<a href=\"https:\/\/www.franceinfo.fr\/\" rel=\"nofollow noopener\" target=\"_blank\">franceinfo<\/a> ce vendredi 30\u00a0mai 2025, <a href=\"https:\/\/actu.fr\/ile-de-france\/paris_75056\/municipales-2026-a-paris-david-belliard-une-personnalite-complexe-passee-d-outsider-a-champion-des-verts_62381904.html\" rel=\"nofollow noopener\" target=\"_blank\">David Belliard<\/a>, candidat Les \u00c9cologistes pour les municipales de 2026, a donn\u00e9 son avis.<\/p>\n<p>\u00ab\u2009Je crois que le PSG c\u2019est Paris\u2009\u00bb<\/p>\n<p class=\" wall-content\">\u00ab\u2009Il y a une situation de blocage entre la Mairie de Paris et le PSG. On a un d\u00e9saccord sur l\u2019avenir du Parc des Princes\u2009\u00bb que les propri\u00e9taires du club voudraient racheter \u00ab\u2009\u00e0 <strong>vil prix<\/strong>, c\u2019est-\u00e0-dire <a href=\"https:\/\/actu.fr\/ile-de-france\/paris_75056\/vente-du-parc-des-princes-au-psg-quel-prix-peut-en-tirer-la-ville-de-paris_55619762.html\" rel=\"nofollow noopener\" target=\"_blank\">tr\u00e8s tr\u00e8s peu cher<\/a>, une trentaine de millions d\u2019euros\u2009\u00bb, a affirm\u00e9 l\u2019adjoint.<\/p>\n<p class=\" wall-content\">Face aux refus de la Ville, Nasser al-Khela\u00effi a d\u00e9j\u00e0 commenc\u00e9 \u00e0 chercher un autre stade qui serait pr\u00eat \u00e0 accueillir l\u2019\u00e9quipe. L\u2019hippodrome de Saint-Cloud ou Aulnay-sous-Bois ont d\u00e9j\u00e0 <a href=\"https:\/\/actu.fr\/ile-de-france\/paris_75056\/psg-ces-projets-de-stade-plus-ou-moins-serieux-pour-accueillir-paris-apres-le-parc-des-princes_62591972.html\" rel=\"nofollow noopener\" target=\"_blank\">d\u00e9pos\u00e9 leur candidature<\/a>. Une hypoth\u00e8se qui, pour David Belliard, irait <strong>\u00e0 l\u2019encontre de l\u2019ADN du club<\/strong>. \u00ab\u2009Moi je crois que le PSG c\u2019est Paris et qu\u2019il doit continuer de jouer au Parc des Princes\u2009\u00bb.<\/p>\n<p class=\" wall-content\">Alors, s\u2019il est \u00e9lu \u00e0 la suite d\u2019Anne Hidalgo, en mars 2026, le candidat s\u2019engage \u00e0 lancer une \u00ab\u2009<strong>grande consultation citoyenne<\/strong>\u2009\u00bb adress\u00e9e aux Parisiens et aux Parisiennes \u00ab\u2009parce que c\u2019est leur Parc\u2009\u00bb mais aussi \u00ab\u2009aux supporters et aux supportrices\u2009\u00bb.<\/p>\n<p class=\" wall-content\">Trois options seraient propos\u00e9es\u2009: ne rien changer \u00e0 la situation actuelle, vendre au club ou une <strong>gestion \u00e0 plusieurs<\/strong>, ce qui permettrait \u00ab\u2009d\u2019avoir la Ville de Paris, le club, et les supporters\u2009\u00bb.<\/p>\n<p>Vid\u00e9os : en ce moment sur Actu<\/p>\n<p class=\" wall-content\">\u00ab\u2009Le Parc des Princes <strong>appartient \u00e0 tout le monde<\/strong>. Je fais partie de celles et ceux qui ont dit qu\u2019ils ne souhaitaient pas vendre le Parc\u2009\u00bb, a-t-il confi\u00e9, expliquant que \u00ab\u2009les grandes infrastructures doivent continuer \u00e0 \u00eatre aux Parisiens et aux Parisiennes.\u2009\u00bb<\/p>\n<p class=\" wall-content\">Suivez toute l\u2019actualit\u00e9 de vos villes et m\u00e9dias favoris en vous inscrivant \u00e0 <a href=\"https:\/\/moncompte.actu.fr\" title=\"D\u00e9couvez Mon Actu\" rel=\"nofollow noopener\" data-trk=\"{&quot;cta&quot;:{&quot;action&quot;:&quot;https:\\\/\\\/moncompte.actu.fr&quot;,&quot;category&quot;:&quot;mon compte&quot;,&quot;from&quot;:&quot;article footer&quot;,&quot;name&quot;:&quot;Mon actu&quot;,&quot;type&quot;:&quot;cta&quot;}}\" target=\"_blank\">Mon Actu<\/a>.<\/p>\n","protected":false},"excerpt":{"rendered":"Par Sarah Coulet Publi\u00e9 le 30 mai 2025 \u00e0 13h41 C\u2019est un dossier sur lequel s\u2019opposent la Mairie&hellip;\n","protected":false},"author":2,"featured_media":139185,"comment_status":"","ping_status":"","sticky":false,"template":"","format":"standard","meta":{"footnotes":""},"categories":[1888],"tags":[1111,1928,11,1927,1777,674,1011,27,2381,3434,12,1926,626,1925,2332,25,104],"class_list":{"0":"post-139184","1":"post","2":"type-post","3":"status-publish","4":"format-standard","5":"has-post-thumbnail","7":"category-paris","8":"tag-actu","9":"tag-actu-paris","10":"tag-actualites","11":"tag-actualites-paris","12":"tag-eu","13":"tag-europe","14":"tag-fr","15":"tag-france","16":"tag-mairie-de-paris","17":"tag-municipales-2026","18":"tag-news","19":"tag-news-paris","20":"tag-paris","21":"tag-paris-news","22":"tag-paris-saint-germain-psg","23":"tag-republique-francaise","24":"tag-societe"},"share_on_mastodon":{"url":"https:\/\/pubeurope.com\/@fr\/114596728286343761","error":""},"_links":{"self":[{"href":"https:\/\/www.europesays.com\/fr\/wp-json\/wp\/v2\/posts\/139184","targetHints":{"allow":["GET"]}}],"collection":[{"href":"https:\/\/www.europesays.com\/fr\/wp-json\/wp\/v2\/posts"}],"about":[{"href":"https:\/\/www.europesays.com\/fr\/wp-json\/wp\/v2\/types\/post"}],"author":[{"embeddable":true,"href":"https:\/\/www.europesays.com\/fr\/wp-json\/wp\/v2\/users\/2"}],"replies":[{"embeddable":true,"href":"https:\/\/www.europesays.com\/fr\/wp-json\/wp\/v2\/comments?post=139184"}],"version-history":[{"count":0,"href":"https:\/\/www.europesays.com\/fr\/wp-json\/wp\/v2\/posts\/139184\/revisions"}],"wp:featuredmedia":[{"embeddable":true,"href":"https:\/\/www.europesays.com\/fr\/wp-json\/wp\/v2\/media\/139185"}],"wp:attachment":[{"href":"https:\/\/www.europesays.com\/fr\/wp-json\/wp\/v2\/media?parent=139184"}],"wp:term":[{"taxonomy":"category","embeddable":true,"href":"https:\/\/www.europesays.com\/fr\/wp-json\/wp\/v2\/categories?post=139184"},{"taxonomy":"post_tag","embeddable":true,"href":"https:\/\/www.europesays.com\/fr\/wp-json\/wp\/v2\/tags?post=139184"}],"curies":[{"name":"wp","href":"https:\/\/api.w.org\/{rel}","templated":true}]}}